{"id":2943,"date":"2024-08-30T02:08:15","date_gmt":"2024-08-30T02:08:15","guid":{"rendered":"https:\/\/ogpa.com.br\/?p=2943"},"modified":"2024-08-30T12:40:51","modified_gmt":"2024-08-30T12:40:51","slug":"a-cop-30-no-contexto-das-mudancas-geopoliticas-atuais","status":"publish","type":"post","link":"https:\/\/ogpa.com.br\/index.php\/2024\/08\/30\/a-cop-30-no-contexto-das-mudancas-geopoliticas-atuais\/","title":{"rendered":"A COP 30 \u2013 No contexto das mudan\u00e7as geopol\u00edticas atuais"},"content":{"rendered":"\n<figure class=\"wp-block-image aligncenter size-full is-resized\"><img fetchpriority=\"high\" decoding=\"async\" width=\"1024\" height=\"1024\" src=\"https:\/\/ogpa.com.br\/wp-content\/uploads\/2024\/08\/d9e0af54-db9d-4f2b-995b-52b0fe278cf2-1.jpeg\" alt=\"\" class=\"wp-image-2950\" style=\"width:456px;height:auto\" srcset=\"https:\/\/ogpa.com.br\/wp-content\/uploads\/2024\/08\/d9e0af54-db9d-4f2b-995b-52b0fe278cf2-1.jpeg 1024w, https:\/\/ogpa.com.br\/wp-content\/uploads\/2024\/08\/d9e0af54-db9d-4f2b-995b-52b0fe278cf2-1-300x300.jpeg 300w, https:\/\/ogpa.com.br\/wp-content\/uploads\/2024\/08\/d9e0af54-db9d-4f2b-995b-52b0fe278cf2-1-150x150.jpeg 150w, https:\/\/ogpa.com.br\/wp-content\/uploads\/2024\/08\/d9e0af54-db9d-4f2b-995b-52b0fe278cf2-1-768x768.jpeg 768w\" sizes=\"(max-width: 1024px) 100vw, 1024px\" \/><\/figure>\n\n\n<p>\u00a0<\/p>\n<p style=\"text-align: justify; text-justify: inter-ideograph;\">Estamos em festa, na espera de um imenso evento internacional que ser\u00e1 acompanhado de fartos presentes e aplausos dos &#8220;mestres do universo\u201d cujos representantes chegar\u00e3o com seus jatos particulares, acompanhados com sua gigantesca comitiva de &#8220;especialistas em Amaz\u00f4nia\u201d e salvadores do planeta com suas orienta\u00e7\u00f5es e opini\u00f5es fechadas sobre como devemos nos comportar para salvar a Amaz\u00f4nia.<\/p>\n<p style=\"text-align: justify; text-justify: inter-ideograph;\">SIM, podemos e devemos tirar os proveitos positivos desse megaevento, tanto para Bel\u00e9m quanto para a Amaz\u00f4nia em geral. Precisamos dos recursos disponibilizados com a esperan\u00e7a de que sejam usados realmente em benef\u00edcio da popula\u00e7\u00e3o de Bel\u00e9m ou talvez da Amaz\u00f4nia toda.<\/p>\n<p style=\"text-align: justify; text-justify: inter-ideograph;\">Mas nossa caminhada atrav\u00e9s dessa &#8220;tempestade midi\u00e1tica\u201d ser\u00e1 pavimentada de espinhos perigosos, especialmente para a intelectualidade amaz\u00f4nica que ter\u00e1 o dif\u00edcil papel de ser o interlocutor entre os complexos assuntos debatidos neste megaevento e uma sociedade cuja luta di\u00e1ria para sobreviver n\u00e3o oferece muito espa\u00e7o para reflex\u00f5es sobre redu\u00e7\u00f5es de CO<sub style=\"font-style: inherit; font-weight: inherit; background-color: var(--ast-global-color-5); color: var(--ast-global-color-3);\">2<\/sub> e mercados de carbono&#8230;<\/p>\n<p style=\"text-align: justify; text-justify: inter-ideograph;\">A COP 30 de Bel\u00e9m acontecer\u00e1 num momento hist\u00f3rico peculiar. Vivemos um verdadeiro terremoto geopol\u00edtico que modifica rapidamente o cen\u00e1rio mundial. Tens\u00f5es geopol\u00edticas e guerras est\u00e3o aumentando na medida em que cresce a agonia pol\u00edtica e econ\u00f4mica do imp\u00e9rio americano e dos antigos donos coloniais do mundo, a Europa, hoje vassala incondicional dos EUA.<\/p>\n<p style=\"text-align: justify; text-justify: inter-ideograph;\">O olhar e os interesses deles em rela\u00e7\u00e3o a esta imensa e (ainda) riqu\u00edssima Amaz\u00f4nia s\u00e3o diferentes do olhar e dos interesses do povo das Amaz\u00f4nias. Apesar do discurso aparentemente consensual que \u201ctodos queremos salvar o planeta\u201d, para os pa\u00edses do chamado Sul-Global, essa salva\u00e7\u00e3o passa necessariamente pela implementa\u00e7\u00e3o de um projeto nacional e soberano de desenvolvimento econ\u00f4mico, social e cient\u00edfico-tecnol\u00f3gico, capaz de desenvolver as for\u00e7as produtivas ao n\u00edvel de uma sociedade moderna, sem mis\u00e9ria social e sem as garras do capital financeiro asfixiando nosso desenvolvimento.<\/p>\n<p style=\"text-align: justify; text-justify: inter-ideograph;\">E \u00e9 exatamente aqui que as mentes se separam e estamos chegando ao ponto central do problema: os \u00faltimos 500 anos demonstraram de forma cristalina que os pa\u00edses atualmente considerados &#8220;desenvolvidos\u201d da Europa e EUA, e que hoje querem nos ensinar como cuidar do planeta, desenvolveram-se atrav\u00e9s do brutal apoderamento colonial e neocolonial das fontes de ENERGIA F\u00d3SSIL e dos RECURSOS MINERAIS do planeta. As For\u00e7as Armadas dos EUA sustentam cerca de 900 bases militares e s\u00e3o uma das maiores consumidoras de petr\u00f3leo justamente para garantir o dom\u00ednio sobre as fontes energ\u00e9ticas do mundo.<\/p>\n<p style=\"text-align: justify; text-justify: inter-ideograph;\">Vivemos o in\u00edcio de uma grande mudan\u00e7a pol\u00edtica global em que a parte historicamente exclu\u00edda, os pa\u00edses da Asia, \u00c1frica e Am\u00e9rica Latina, que constituem a maioria da popula\u00e7\u00e3o mundial, est\u00e3o exigindo sua parte dos recursos e das fontes de energia para poder tirar sua popula\u00e7\u00e3o da mis\u00e9ria econ\u00f4mica e social.<\/p>\n<p style=\"text-align: justify; text-justify: inter-ideograph;\">H\u00e1, portanto, um conflito de interesses econ\u00f4micos e agendas pol\u00edticas claramente estabelecidas entre o bloco EUA\/UE e o resto do mundo, que n\u00e3o pode ser escondido e esquecido quando entramos no debate sobre mudan\u00e7as clim\u00e1ticas, descarboniza\u00e7\u00e3o e a redu\u00e7\u00e3o da energia extra\u00edda das fontes f\u00f3sseis.<\/p>\n<p style=\"text-align: justify; text-justify: inter-ideograph;\">Sim, \u00e9 urgente combater a destrui\u00e7\u00e3o da Amaz\u00f4nia e ningu\u00e9m melhor que o pr\u00f3prio povo amaz\u00f4nico sabe disso. Mas para tal precisamos de um modelo econ\u00f4mico diferente e inteligente de apropria\u00e7\u00e3o racional e sustent\u00e1vel dos recursos desta gigantesca biodiversidade.\u00a0<\/p>\n<p style=\"text-align: justify; text-justify: inter-ideograph;\">\u00c9 obvio tamb\u00e9m que a humanidade precisa encontrar fontes energ\u00e9ticas alternativas, sem polui\u00e7\u00e3o, mas se elas j\u00e1 existissem, os pa\u00edses \u201cdesenvolvidos\u201d j\u00e1 as estariam usando e n\u00f3s provavelmente pagar\u00edamos elevados royalties para us\u00e1-las.<\/p>\n<p style=\"text-align: justify; text-justify: inter-ideograph;\">Assim, para bilh\u00f5es de habitantes dos pa\u00edses do Sul-Global, que sobrevivem em favelas e nas ruas das megacidades, que lutam para ter um prato de comida a cada dia, morrem jovem por desnutri\u00e7\u00e3o, pelo crime organizado e das intermin\u00e1veis guerras, a amea\u00e7a da chamada crise clim\u00e1tica, n\u00e3o poder\u00e1 ter, a mesma prioridade que possa ter para os privilegiados desse mundo.<\/p>\n<p style=\"text-align: justify; text-justify: inter-ideograph;\">Quem nunca teve justi\u00e7a social ou econ\u00f4mica, a \u201cjusti\u00e7a clim\u00e1tica\u201d certamente carecer\u00e1 de sentido.<\/p>\n<p style=\"text-align: justify; text-justify: inter-ideograph;\">Enquanto acad\u00eamicos e intelectuais amaz\u00f4nicos, educados pelas academias europeias e americanas, corremos os perigos de nos tornar admiradores e defensores involunt\u00e1rios dos seus valores. Mas querendo ou n\u00e3o, fazemos parte da \u201coutra parte da humanidade\u201d e nossa voz e nossa posi\u00e7\u00e3o nesse debate que se aproxima atrav\u00e9s da COP seriam ouvidas no mundo todo, pelo menos no curto espa\u00e7o da dura\u00e7\u00e3o deste evento. Portanto, precisamos decidir se vamos falar para os povos do Sul-Global ou para os ouvidos dos (ainda) donos do mundo.<\/p>\n<p>\u00a0<\/p>\n<h6 style=\"font-size: 16px; font-style: normal; font-weight: 400; text-align: center;\">Norbert Fenzl<br \/>Prof. do N\u00facleo de Meio Ambiente (NUMA) da UFPA<br \/>E-mail:\u00a0nfenzl@gmail.com<\/h6>","protected":false},"excerpt":{"rendered":"<p>\u00a0 Estamos em festa, na espera de um imenso evento internacional que ser\u00e1 acompanhado de fartos presentes e aplausos dos &#8220;mestres do universo\u201d cujos representantes chegar\u00e3o com seus jatos particulares, acompanhados com sua gigantesca comitiva de &#8220;especialistas em Amaz\u00f4nia\u201d e salvadores do planeta com suas orienta\u00e7\u00f5es e opini\u00f5es fechadas sobre como devemos nos comportar para [&hellip;]<\/p>\n","protected":false},"author":1,"featured_media":0,"comment_status":"open","ping_status":"open","sticky":false,"template":"","format":"standard","meta":{"_editorskit_title_hidden":false,"_editorskit_reading_time":0,"_editorskit_is_block_options_detached":false,"_editorskit_block_options_position":"{}","_uag_custom_page_level_css":"","site-sidebar-layout":"default","site-content-layout":"","ast-site-content-layout":"default","site-content-style":"default","site-sidebar-style":"default","ast-global-header-display":"","ast-banner-title-visibility":"","ast-main-header-display":"","ast-hfb-above-header-display":"","ast-hfb-below-header-display":"","ast-hfb-mobile-header-display":"","site-post-title":"","ast-breadcrumbs-content":"","ast-featured-img":"","footer-sml-layout":"","theme-transparent-header-meta":"","adv-header-id-meta":"","stick-header-meta":"","header-above-stick-meta":"","header-main-stick-meta":"","header-below-stick-meta":"","astra-migrate-meta-layouts":"set","ast-page-background-enabled":"default","ast-page-background-meta":{"desktop":{"background-color":"","background-image":"","background-repeat":"repeat","background-position":"center center","background-size":"auto","background-attachment":"scroll","background-type":"","background-media":"","overlay-type":"","overlay-color":"","overlay-opacity":"","overlay-gradient":""},"tablet":{"background-color":"","background-image":"","background-repeat":"repeat","background-position":"center center","background-size":"auto","background-attachment":"scroll","background-type":"","background-media":"","overlay-type":"","overlay-color":"","overlay-opacity":"","overlay-gradient":""},"mobile":{"background-color":"","background-image":"","background-repeat":"repeat","background-position":"center center","background-size":"auto","background-attachment":"scroll","background-type":"","background-media":"","overlay-type":"","overlay-color":"","overlay-opacity":"","overlay-gradient":""}},"ast-content-background-meta":{"desktop":{"background-color":"var(--ast-global-color-5)","background-image":"","background-repeat":"repeat","background-position":"center center","background-size":"auto","background-attachment":"scroll","background-type":"","background-media":"","overlay-type":"","overlay-color":"","overlay-opacity":"","overlay-gradient":""},"tablet":{"background-color":"var(--ast-global-color-5)","background-image":"","background-repeat":"repeat","background-position":"center center","background-size":"auto","background-attachment":"scroll","background-type":"","background-media":"","overlay-type":"","overlay-color":"","overlay-opacity":"","overlay-gradient":""},"mobile":{"background-color":"var(--ast-global-color-5)","background-image":"","background-repeat":"repeat","background-position":"center center","background-size":"auto","background-attachment":"scroll","background-type":"","background-media":"","overlay-type":"","overlay-color":"","overlay-opacity":"","overlay-gradient":""}},"footnotes":""},"categories":[34],"tags":[],"class_list":["post-2943","post","type-post","status-publish","format-standard","hentry","category-opiniao"],"jetpack_featured_media_url":"","uagb_featured_image_src":{"full":false,"thumbnail":false,"medium":false,"medium_large":false,"large":false,"1536x1536":false,"2048x2048":false},"uagb_author_info":{"display_name":"ogpa","author_link":"https:\/\/ogpa.com.br\/index.php\/author\/gaagpam\/"},"uagb_comment_info":30,"uagb_excerpt":"\u00a0 Estamos em festa, na espera de um imenso evento internacional que ser\u00e1 acompanhado de fartos presentes e aplausos dos &#8220;mestres do universo\u201d cujos representantes chegar\u00e3o com seus jatos particulares, acompanhados com sua gigantesca comitiva de &#8220;especialistas em Amaz\u00f4nia\u201d e salvadores do planeta com suas orienta\u00e7\u00f5es e opini\u00f5es fechadas sobre como devemos nos comportar para&hellip;","jetpack-related-posts":[{"id":3588,"url":"https:\/\/ogpa.com.br\/index.php\/2025\/05\/23\/uma-decada-de-pesquisa-sobre-grandes-projetos-na-amazonia-avancos-obstaculos-e-perspectivas-andre-farias\/","url_meta":{"origin":2943,"position":0},"title":"Uma d\u00e9cada de pesquisa sobre Grandes Projetos na Amaz\u00f4nia: avan\u00e7os, obst\u00e1culos e perspectivas &#8211; Andr\u00e9 Farias","author":"andre farias","date":"maio 23, 2025","format":false,"excerpt":"Com a participa\u00e7\u00e3o de docentes e discentes, o Grupo de Pesquisa Grandes Projetos na Amaz\u00f4nia (GPA) tem mantido, desde sua cria\u00e7\u00e3o, contato permanente com diversos grupos e movimentos sociais para a constru\u00e7\u00e3o de uma agenda de pesquisa desafiadora. Na Amaz\u00f4nia, novos projetos se acumulam sobre projetos hist\u00f3ricos de degrada\u00e7\u00e3o ambiental.\u2026","rel":"","context":"Em &quot;Opini\u00e3o&quot;","block_context":{"text":"Opini\u00e3o","link":"https:\/\/ogpa.com.br\/index.php\/category\/opiniao\/"},"img":{"alt_text":"","src":"https:\/\/i0.wp.com\/ogpa.com.br\/wp-content\/uploads\/2025\/04\/111-removebg-preview.png?resize=350%2C200&ssl=1","width":350,"height":200},"classes":[]},{"id":798,"url":"https:\/\/ogpa.com.br\/index.php\/2023\/07\/31\/contradicoes-da-cop-30-entre-o-discurso-global-e-as-realidades-amazonicas\/","url_meta":{"origin":2943,"position":1},"title":"Contradi\u00e7\u00f5es da COP 30: entre o discurso global e as realidades amaz\u00f4nicas.","author":"ogpa","date":"julho 31, 2023","format":false,"excerpt":"A organiza\u00e7\u00e3o do mundo capitalista possui uma divis\u00e3o internacional do trabalho. No caso brasileiro, essa divis\u00e3o do trabalho se imp\u00f5e na forma de um Estado nacional baseado na produ\u00e7\u00e3o de commodities, na industrializa\u00e7\u00e3o tardia e urbaniza\u00e7\u00e3o desigual, causadores de degrada\u00e7\u00e3o socioambiental. E agora as autoridades supranacionais e interinstitucionais, pilares dessa\u2026","rel":"","context":"Em &quot;Opini\u00e3o&quot;","block_context":{"text":"Opini\u00e3o","link":"https:\/\/ogpa.com.br\/index.php\/category\/opiniao\/"},"img":{"alt_text":"","src":"https:\/\/i0.wp.com\/ogpa.com.br\/wp-content\/uploads\/2023\/07\/WhatsApp-Image-2023-07-31-at-15.56.53.jpeg?resize=350%2C200&ssl=1","width":350,"height":200,"srcset":"https:\/\/i0.wp.com\/ogpa.com.br\/wp-content\/uploads\/2023\/07\/WhatsApp-Image-2023-07-31-at-15.56.53.jpeg?resize=350%2C200&ssl=1 1x, https:\/\/i0.wp.com\/ogpa.com.br\/wp-content\/uploads\/2023\/07\/WhatsApp-Image-2023-07-31-at-15.56.53.jpeg?resize=525%2C300&ssl=1 1.5x, https:\/\/i0.wp.com\/ogpa.com.br\/wp-content\/uploads\/2023\/07\/WhatsApp-Image-2023-07-31-at-15.56.53.jpeg?resize=700%2C400&ssl=1 2x, https:\/\/i0.wp.com\/ogpa.com.br\/wp-content\/uploads\/2023\/07\/WhatsApp-Image-2023-07-31-at-15.56.53.jpeg?resize=1050%2C600&ssl=1 3x"},"classes":[]},{"id":3830,"url":"https:\/\/ogpa.com.br\/index.php\/2026\/01\/22\/edital-para-doutorado-numa-ufpa\/","url_meta":{"origin":2943,"position":2},"title":"Edital para doutorado NUMA-UFPA","author":"ogpa","date":"janeiro 22, 2026","format":false,"excerpt":"O Programa de P\u00f3s-Gradua\u00e7\u00e3o em Gest\u00e3o de Recursos Naturais e Desenvolvimento Local na Amaz\u00f4nia (PPGEDAM), vinculado ao N\u00facleo de Meio Ambiente da Universidade Federal do Par\u00e1 (NUMA\/UFPA), torna p\u00fablico o Edital 01\/2026 para o curso de Doutorado Profissional em Gest\u00e3o de Recursos Naturais e Desenvolvimento Local na Amaz\u00f4nia, para ingresso\u2026","rel":"","context":"Em &quot;Divulga\u00e7\u00e3o&quot;","block_context":{"text":"Divulga\u00e7\u00e3o","link":"https:\/\/ogpa.com.br\/index.php\/category\/divulgacao\/"},"img":{"alt_text":"","src":"https:\/\/i0.wp.com\/ogpa.com.br\/wp-content\/uploads\/2026\/01\/daniel.a.sombra_1769106745681.jpeg?resize=350%2C200&ssl=1","width":350,"height":200,"srcset":"https:\/\/i0.wp.com\/ogpa.com.br\/wp-content\/uploads\/2026\/01\/daniel.a.sombra_1769106745681.jpeg?resize=350%2C200&ssl=1 1x, https:\/\/i0.wp.com\/ogpa.com.br\/wp-content\/uploads\/2026\/01\/daniel.a.sombra_1769106745681.jpeg?resize=525%2C300&ssl=1 1.5x, https:\/\/i0.wp.com\/ogpa.com.br\/wp-content\/uploads\/2026\/01\/daniel.a.sombra_1769106745681.jpeg?resize=700%2C400&ssl=1 2x, https:\/\/i0.wp.com\/ogpa.com.br\/wp-content\/uploads\/2026\/01\/daniel.a.sombra_1769106745681.jpeg?resize=1050%2C600&ssl=1 3x, https:\/\/i0.wp.com\/ogpa.com.br\/wp-content\/uploads\/2026\/01\/daniel.a.sombra_1769106745681.jpeg?resize=1400%2C800&ssl=1 4x"},"classes":[]},{"id":3871,"url":"https:\/\/ogpa.com.br\/index.php\/2026\/01\/31\/nota-de-apoio-a-ocupacao-indigena-no-porto-da-cargill-e-em-defesa-dos-rios-amazonicos\/","url_meta":{"origin":2943,"position":3},"title":"Nota de apoio \u00e0 ocupa\u00e7\u00e3o ind\u00edgena no porto da Cargill e em defesa dos rios amaz\u00f4nicos","author":"ogpa","date":"janeiro 31, 2026","format":false,"excerpt":"Instala\u00e7\u00f5es da Cargill em Santar\u00e9m. Fonte: Conselho Ind\u00edgena Tapaj\u00f3s e Arapiuns O Grupo de Pesquisa Grandes Projetos na Amaz\u00f4nia manifesta seu integral apoio \u00e0 ocupa\u00e7\u00e3o ind\u00edgena no porto da Cargill, em Santar\u00e9m (PA), realizada por povos do Baixo Tapaj\u00f3s, comunidades ribeirinhas e movimentos sociais. A mobiliza\u00e7\u00e3o denuncia, com legitimidade, um\u2026","rel":"","context":"Em &quot;Editorial OGPA&quot;","block_context":{"text":"Editorial OGPA","link":"https:\/\/ogpa.com.br\/index.php\/category\/editorial-ogpa\/"},"img":{"alt_text":"","src":"https:\/\/i0.wp.com\/ogpa.com.br\/wp-content\/uploads\/2026\/01\/kevin_egonza_1769892666307.jpeg?resize=350%2C200&ssl=1","width":350,"height":200,"srcset":"https:\/\/i0.wp.com\/ogpa.com.br\/wp-content\/uploads\/2026\/01\/kevin_egonza_1769892666307.jpeg?resize=350%2C200&ssl=1 1x, https:\/\/i0.wp.com\/ogpa.com.br\/wp-content\/uploads\/2026\/01\/kevin_egonza_1769892666307.jpeg?resize=525%2C300&ssl=1 1.5x, https:\/\/i0.wp.com\/ogpa.com.br\/wp-content\/uploads\/2026\/01\/kevin_egonza_1769892666307.jpeg?resize=700%2C400&ssl=1 2x, https:\/\/i0.wp.com\/ogpa.com.br\/wp-content\/uploads\/2026\/01\/kevin_egonza_1769892666307.jpeg?resize=1050%2C600&ssl=1 3x"},"classes":[]},{"id":3535,"url":"https:\/\/ogpa.com.br\/index.php\/2025\/05\/16\/os-riscos-socioambientais-da-av-liberdade-comentarios-de-andre-farias\/","url_meta":{"origin":2943,"position":4},"title":"Os riscos socioambientais da Av. Liberdade &#8211; coment\u00e1rios de Andr\u00e9 Farias","author":"ogpa","date":"maio 16, 2025","format":false,"excerpt":"Coment\u00e1rios do Prof. Andr\u00e9 Farias, do Observat\u00f3rio dos Grandes Projetos na Amaz\u00f4nia, para a mat\u00e9ria \u201cOutrage in Brazil over Bel\u00e9m highway project\u201d da\u00a0revista EcoAmericas\u00a0sobre a avenida Liberdade.\u00a0","rel":"","context":"Em &quot;Divulga\u00e7\u00e3o&quot;","block_context":{"text":"Divulga\u00e7\u00e3o","link":"https:\/\/ogpa.com.br\/index.php\/category\/divulgacao\/"},"img":{"alt_text":"","src":"https:\/\/i0.wp.com\/ogpa.com.br\/wp-content\/uploads\/2025\/05\/34.jpg?resize=350%2C200&ssl=1","width":350,"height":200},"classes":[]},{"id":3884,"url":"https:\/\/ogpa.com.br\/index.php\/2026\/02\/05\/o-projeto-de-aterro-sanitario-no-acara-comentarios-de-andre-farias\/","url_meta":{"origin":2943,"position":5},"title":"O projeto de aterro sanit\u00e1rio no Acar\u00e1 &#8211; coment\u00e1rios de Andr\u00e9 Farias","author":"ogpa","date":"fevereiro 5, 2026","format":false,"excerpt":"Coment\u00e1rios do Prof. Andr\u00e9 Farias sobre o grande projeto de aterro sanit\u00e1rio localizado no munic\u00edpio do Acar\u00e1 (PA). Mat\u00e9ria 'Projeto de \u2018lix\u00e3o\u2019 na Grande Bel\u00e9m gera temor de contamina\u00e7\u00e3o de rios da Amaz\u00f4nia' do site Rep\u00f3rter Brasil.","rel":"","context":"Em &quot;Divulga\u00e7\u00e3o&quot;","block_context":{"text":"Divulga\u00e7\u00e3o","link":"https:\/\/ogpa.com.br\/index.php\/category\/divulgacao\/"},"img":{"alt_text":"","src":"https:\/\/i0.wp.com\/ogpa.com.br\/wp-content\/uploads\/2026\/02\/imagem_2026-02-05_111043279.png?resize=350%2C200&ssl=1","width":350,"height":200,"srcset":"https:\/\/i0.wp.com\/ogpa.com.br\/wp-content\/uploads\/2026\/02\/imagem_2026-02-05_111043279.png?resize=350%2C200&ssl=1 1x, https:\/\/i0.wp.com\/ogpa.com.br\/wp-content\/uploads\/2026\/02\/imagem_2026-02-05_111043279.png?resize=525%2C300&ssl=1 1.5x, https:\/\/i0.wp.com\/ogpa.com.br\/wp-content\/uploads\/2026\/02\/imagem_2026-02-05_111043279.png?resize=700%2C400&ssl=1 2x"},"classes":[]}],"_links":{"self":[{"href":"https:\/\/ogpa.com.br\/index.php\/wp-json\/wp\/v2\/posts\/2943","targetHints":{"allow":["GET"]}}],"collection":[{"href":"https:\/\/ogpa.com.br\/index.php\/wp-json\/wp\/v2\/posts"}],"about":[{"href":"https:\/\/ogpa.com.br\/index.php\/wp-json\/wp\/v2\/types\/post"}],"author":[{"embeddable":true,"href":"https:\/\/ogpa.com.br\/index.php\/wp-json\/wp\/v2\/users\/1"}],"replies":[{"embeddable":true,"href":"https:\/\/ogpa.com.br\/index.php\/wp-json\/wp\/v2\/comments?post=2943"}],"version-history":[{"count":8,"href":"https:\/\/ogpa.com.br\/index.php\/wp-json\/wp\/v2\/posts\/2943\/revisions"}],"predecessor-version":[{"id":2973,"href":"https:\/\/ogpa.com.br\/index.php\/wp-json\/wp\/v2\/posts\/2943\/revisions\/2973"}],"wp:attachment":[{"href":"https:\/\/ogpa.com.br\/index.php\/wp-json\/wp\/v2\/media?parent=2943"}],"wp:term":[{"taxonomy":"category","embeddable":true,"href":"https:\/\/ogpa.com.br\/index.php\/wp-json\/wp\/v2\/categories?post=2943"},{"taxonomy":"post_tag","embeddable":true,"href":"https:\/\/ogpa.com.br\/index.php\/wp-json\/wp\/v2\/tags?post=2943"}],"curies":[{"name":"wp","href":"https:\/\/api.w.org\/{rel}","templated":true}]}}