{"id":3008,"date":"2024-09-23T13:17:34","date_gmt":"2024-09-23T13:17:34","guid":{"rendered":"https:\/\/ogpa.com.br\/?p=3008"},"modified":"2024-09-24T13:30:45","modified_gmt":"2024-09-24T13:30:45","slug":"liberdade-para-quem-avenida-liberdade-capital-e-politica","status":"publish","type":"post","link":"https:\/\/ogpa.com.br\/index.php\/2024\/09\/23\/liberdade-para-quem-avenida-liberdade-capital-e-politica\/","title":{"rendered":"Liberdade para quem? Avenida Liberdade, Capital e Pol\u00edtica"},"content":{"rendered":"\n<figure class=\"wp-block-image aligncenter size-full is-resized\"><img fetchpriority=\"high\" decoding=\"async\" width=\"1024\" height=\"1024\" src=\"https:\/\/ogpa.com.br\/wp-content\/uploads\/2024\/09\/39356e74-d298-4c8a-b891-894388d110d7-7.jpeg\" alt=\"\" class=\"wp-image-3084\" style=\"width:474px;height:auto\" srcset=\"https:\/\/ogpa.com.br\/wp-content\/uploads\/2024\/09\/39356e74-d298-4c8a-b891-894388d110d7-7.jpeg 1024w, https:\/\/ogpa.com.br\/wp-content\/uploads\/2024\/09\/39356e74-d298-4c8a-b891-894388d110d7-7-300x300.jpeg 300w, https:\/\/ogpa.com.br\/wp-content\/uploads\/2024\/09\/39356e74-d298-4c8a-b891-894388d110d7-7-150x150.jpeg 150w, https:\/\/ogpa.com.br\/wp-content\/uploads\/2024\/09\/39356e74-d298-4c8a-b891-894388d110d7-7-768x768.jpeg 768w\" sizes=\"(max-width: 1024px) 100vw, 1024px\" \/><\/figure>\n\n\n<figure><br \/>\n<figcaption><\/figcaption>\n<\/figure>\n<p style=\"text-align: justify;\">O que \u00e9 liberdade? Liberdade tem v\u00e1rios significados, pode ser entendida como desenvolvimento (Amartya Sen<sup>1<\/sup>), mas tamb\u00e9m em sentido amplo constitui o pr\u00f3prio ser social (Karl Marx<sup>2<\/sup>). Para este ensaio \u00e9 mais estrat\u00e9gico problematizar: para quem a liberdade \u00e9 prometida? Seja objetiva ou subjetivamente.\u00a0<\/p>\n<p style=\"text-align: justify;\">A promessa de \u201campliar\u201d, \u201cabrir\u201d ou \u201cprolongar\u201d vias em Bel\u00e9m n\u00e3o \u00e9 novidade como esperan\u00e7a de liberdade para locomover-se na cidade. Basta lembrar da amplia\u00e7\u00e3o da avenida Almirante Barroso em quatro pistas e do prolongamento da avenida Jo\u00e3o Paulo II at\u00e9 a rodovia BR-316. N\u00e3o faz tempo, os moradores dos bairros do Marco e da Pedreira foram ludibriados pelas \u201cjuras\u201d da nova avenida 25 de setembro (que em conchavo com vereadores e grande imprensa, foi transformada em Avenida R\u00f4mulo Maiorana, em homenagem ao patriarca do grupo midi\u00e1tico O Liberal). O que realmente recebeu foi engarrafamento, polui\u00e7\u00e3o sonora e aumento de n\u00famero de acidentes causados pelo excesso de ve\u00edculos, al\u00e9m da perda de arboriza\u00e7\u00e3o. No mesmo per\u00edodo, a avenida Marqu\u00eas de Herval teve sua arboriza\u00e7\u00e3o arrancada e canteiros de flores e plantas extintos para aumentar a pista de autom\u00f3veis e pasmem: foi batizada pelo ent\u00e3o prefeito Zenaldo Coutinho de Viaparque Marques de Herval!<\/p>\n<p style=\"text-align: justify;\">Assim, verificamos a nov\u00edssima \u201cAvenida Liberdade\u201d, rodovia PA-020, novamente com a promessa de melhorar a mobilidade urbana, se somando ao sistema Bus Rapid Transport (BRT) de Icoaraci (restrito a Bel\u00e9m) e Metropolitano (englobando Ananindeua). O primeiro, implementado pelo munic\u00edpio, n\u00e3o funciona devidamente at\u00e9 hoje, o segundo se arrasta em obras e engarrafamentos que podem permanecer at\u00e9 2025. O governo estadual dirige os grandes empreendimentos do BRT Metropolitano e da Avenida Liberdade. Mas, para quem \u00e9 a liberdade da nova avenida?<\/p>\n<p style=\"text-align: justify;\">Parece-nos que a liberdade econ\u00f4mica do capital agropecu\u00e1rio, imobili\u00e1rio, industrial-automobil\u00edstico e da constru\u00e7\u00e3o civil ser\u00e1 aquela a passar nos fluxos de cargas, contratos milion\u00e1rios de obras vi\u00e1rias, na compra e venda de terrenos que se valorizar\u00e3o e pelos equipamentos urbanos que a ind\u00fastria fornecer\u00e1, al\u00e9m do aumento da frota de ve\u00edculos individuais em crescimento progressivo.\u00a0\u00a0<\/p>\n<p style=\"text-align: justify;\">Assim como a \u201cViaparque\u201d que desmata e os sistemas \u201cRapids\u201d que provocam lentid\u00e3o, a avenida \u201cLiberdade\u201d liberta a produ\u00e7\u00e3o e reprodu\u00e7\u00e3o do capital, aprisionando milh\u00f5es de trabalhadores e trabalhadoras numa metr\u00f3pole cada vez mais quente, engarrafada, barulhenta e polu\u00edda.<\/p>\n<p style=\"text-align: justify;\">O dano ambiental vis\u00edvel ser\u00e1 a perda de cobertura vegetal pelo atravessamento de \u00e1reas de prote\u00e7\u00e3o ambiental, se juntando aos riscos ambientais associados \u00e0 contamina\u00e7\u00e3o de recursos h\u00eddricos e polui\u00e7\u00e3o do ar. \u201cLibertam-se\u201d males \u00e0 sa\u00fade humana e ecol\u00f3gica. Animais s\u00e3o amea\u00e7ados, e n\u00e3o apenas os pets; a flora \u00e9 eliminada e n\u00e3o apenas as esp\u00e9cies paisag\u00edsticas; a \u00e1gua \u00e9 contaminada deixando em calamidade esp\u00e9cies animais e vegetais que a utilizam para a sua reprodu\u00e7\u00e3o; o ar da cidade se torna t\u00f3xico, ao ponto de fazer surgir doen\u00e7as respirat\u00f3rias e de pele que antes n\u00e3o existiam. A popula\u00e7\u00e3o sofre danos ambientais, particularmente os negros quilombolas da Comunidade do Abacatal e moradores das periferias.\u00a0<\/p>\n<p style=\"text-align: justify;\">Os 14 quil\u00f4metros da \u201cavenida Liberdade\u201d interligar\u00e3o a Al\u00e7a Vi\u00e1ria \u00e0 avenida Perimetral, antes conhecida por Perimetral da Ci\u00eancia (por nela se situarem universidades e centros de pesquisa); se transformar\u00e1 em per\u00edmetro de cargas, onde o sistema de abastecimento e transporte de mercadorias ser\u00e1 um dos beneficiados. Atender\u00e1 tanto ao agroneg\u00f3cio, com outro acesso ao Porto de Vila do Conde, em Barcarena, quanto ao fluxo mercantil de caminh\u00f5es para alimentar o ex\u00e9rcito dos \u201catacad\u00f5es\u201d da Regi\u00e3o Metropolitana de Bel\u00e9m (RMB). Isso provavelmente acarretar\u00e1 engarrafamento e sufoco no entorno dos portos localizados na avenida Bernardo Say\u00e3o, aumentando o estresse urbano devido \u00e0s opera\u00e7\u00f5es de duplica\u00e7\u00e3o dessa via, obra inacabada dirigida pela Prefeitura de Bel\u00e9m.<\/p>\n<p style=\"text-align: justify;\">Al\u00e9m de nos perguntarmos a quem servem estes grandes projetos urbanos, dever\u00edamos questionar por que n\u00e3o temos alternativas ao combalido sistema de transporte urbano da Regi\u00e3o Metropolitana de Bel\u00e9m?\u00a0<\/p>\n<p style=\"text-align: justify;\">A melhoria da frota de transporte coletivo virou caso de pol\u00edcia atualmente. Disputam juridicamente governo estadual e prefeitura de Bel\u00e9m, para saber quem vai aparecer aos olhos dos gringos como o \u201cpai\u201d dos \u00f4nibus el\u00e9tricos ou quem polui menos at\u00e9 a COP 30. As campanhas \u00e0s prefeituras dos munic\u00edpios da RMB n\u00e3o tratam da quest\u00e3o da mobilidade urbana, saneamento e meio ambiente com pol\u00edticas p\u00fablicas importantes, se o fizessem, ter\u00edamos um plano de mobilidade urbana que utilizaria de forma sustent\u00e1vel a Baia do Guajar\u00e1, rios e igarap\u00e9s para interligar bairros, ilhas e distritos de Bel\u00e9m, como Icoaraci, Outeiro e Mosqueiro, assim como cidades cont\u00edguas.<\/p>\n<p style=\"text-align: justify;\">Os investimentos da Uni\u00e3o reproduzem o capital nos megaempreendimentos, o Governo do Par\u00e1 atravessa compet\u00eancias, abre ou fecha ruas e avenidas nas cidades, ganhando seu quinh\u00e3o com o setor empresarial e a Prefeitura de Bel\u00e9m quer disputar o gigantismo das obras com a f\u00f3rmula dos asfaltos \u00e0s pressas nos bairros ou \u201capadrinhando\u201d obras financiadas por organismos internacionais.\u00a0<\/p>\n<p style=\"text-align: justify;\">Novamente, os capitais circulam mais e melhor que a popula\u00e7\u00e3o. Os tomadores de decis\u00e3o agem de forma imediatista, deixando livres os atuais ou futuros apoiadores pol\u00edticos. Esperamos que a reflex\u00e3o, ajude na compreens\u00e3o de quais for\u00e7as pol\u00edticas e econ\u00f4micas est\u00e3o livres e quais grupos sociais est\u00e3o \u201cpresos\u201d em \u00f4nibus calorentos, ruas engarrafadas e quase sem liberdade de escolha de novos rumos.<\/p>\n<p style=\"text-align: justify;\">A esperan\u00e7a est\u00e1 em movimentos vivos, comunidades resistentes e grupos que buscam escolher representantes aut\u00eanticos, e n\u00e3o aqueles e aquelas \u201cfakes\u201d que se maquiam na \u00e9poca das elei\u00e7\u00f5es, com adere\u00e7os e m\u00e1scaras que logo caem ap\u00f3s a abertura das urnas.\u00a0 A dial\u00e9tica aqui est\u00e1 na dire\u00e7\u00e3o oposta tomada pela maioria da popula\u00e7\u00e3o empobrecida financeira e eticamente, pela troca de votos por favores ou dinheiro. A \u201cliberdade\u201d da Avenida vai do nada a lugar nenhum, enquanto a liberdade pela cidadania poderia nos proporcionar alternativas socialmente justas, politicamente \u00e9ticas, financeiramente vi\u00e1veis e culturalmente diversas.<\/p>\n<h1 style=\"font-size: 16px; font-style: normal; font-weight: 400; text-align: center;\">\u00a0\u00a0<\/h1>\n<h1 style=\"font-size: 16px; font-style: normal; font-weight: 400; text-align: center;\">Andr\u00e9 Lu\u00eds Farias<br style=\"box-sizing: inherit;\" \/>Prof. do N\u00facleo de Meio Ambiente (NUMA) da UFPA<\/h1>\n<p>\u00a0<\/p>\n<ol>\n<li>Amatya Sen &#8211; Desenvolvimento como Liberdade (1999)\u00a0 \u00a0 \u00a0 \u00a0 \u00a0 \u00a0 \u00a0 \u00a0 \u00a0 \u00a0 \u00a0 \u00a0 \u00a0 \u00a0 \u00a0 \u00a0 \u00a0 \u00a0 \u00a0 \u00a0 \u00a0 \u00a0 \u00a0 \u00a0 \u00a0 \u00a0 \u00a0 \u00a0 \u00a0 \u00a0 \u00a0 \u00a0 \u00a0 \u00a0 \u00a0 \u00a0 \u00a0 \u00a0 \u00a0 \u00a0 \u00a0 \u00a0 \u00a0 \u00a0 \u00a0 \u00a0 \u00a0 \u00a0 \u00a0 \u00a0 \u00a0 \u00a0 \u00a0 \u00a0 \u00a0 \u00a0 \u00a0 \u00a0 \u00a0 \u00a0 \u00a0 \u00a0 \u00a0 \u00a0 \u00a0 \u00a0\u00a0<\/li>\n<li>Karl Marx &#8211; Manuscritos Econ\u00f4micos e Filos\u00f3ficos e Ideologia Alem\u00e3 (1932)<\/li>\n<\/ol>","protected":false},"excerpt":{"rendered":"<p>O que \u00e9 liberdade? Liberdade tem v\u00e1rios significados, pode ser entendida como desenvolvimento (Amartya Sen1), mas tamb\u00e9m em sentido amplo constitui o pr\u00f3prio ser social (Karl Marx2). Para este ensaio \u00e9 mais estrat\u00e9gico problematizar: para quem a liberdade \u00e9 prometida? Seja objetiva ou subjetivamente.\u00a0 A promessa de \u201campliar\u201d, \u201cabrir\u201d ou \u201cprolongar\u201d vias em Bel\u00e9m n\u00e3o [&hellip;]<\/p>\n","protected":false},"author":1,"featured_media":0,"comment_status":"open","ping_status":"open","sticky":false,"template":"","format":"standard","meta":{"_editorskit_title_hidden":false,"_editorskit_reading_time":0,"_editorskit_is_block_options_detached":false,"_editorskit_block_options_position":"{}","_uag_custom_page_level_css":"","site-sidebar-layout":"default","site-content-layout":"","ast-site-content-layout":"default","site-content-style":"default","site-sidebar-style":"default","ast-global-header-display":"","ast-banner-title-visibility":"","ast-main-header-display":"","ast-hfb-above-header-display":"","ast-hfb-below-header-display":"","ast-hfb-mobile-header-display":"","site-post-title":"","ast-breadcrumbs-content":"","ast-featured-img":"","footer-sml-layout":"","theme-transparent-header-meta":"","adv-header-id-meta":"","stick-header-meta":"","header-above-stick-meta":"","header-main-stick-meta":"","header-below-stick-meta":"","astra-migrate-meta-layouts":"set","ast-page-background-enabled":"default","ast-page-background-meta":{"desktop":{"background-color":"","background-image":"","background-repeat":"repeat","background-position":"center center","background-size":"auto","background-attachment":"scroll","background-type":"","background-media":"","overlay-type":"","overlay-color":"","overlay-opacity":"","overlay-gradient":""},"tablet":{"background-color":"","background-image":"","background-repeat":"repeat","background-position":"center center","background-size":"auto","background-attachment":"scroll","background-type":"","background-media":"","overlay-type":"","overlay-color":"","overlay-opacity":"","overlay-gradient":""},"mobile":{"background-color":"","background-image":"","background-repeat":"repeat","background-position":"center center","background-size":"auto","background-attachment":"scroll","background-type":"","background-media":"","overlay-type":"","overlay-color":"","overlay-opacity":"","overlay-gradient":""}},"ast-content-background-meta":{"desktop":{"background-color":"var(--ast-global-color-5)","background-image":"","background-repeat":"repeat","background-position":"center center","background-size":"auto","background-attachment":"scroll","background-type":"","background-media":"","overlay-type":"","overlay-color":"","overlay-opacity":"","overlay-gradient":""},"tablet":{"background-color":"var(--ast-global-color-5)","background-image":"","background-repeat":"repeat","background-position":"center center","background-size":"auto","background-attachment":"scroll","background-type":"","background-media":"","overlay-type":"","overlay-color":"","overlay-opacity":"","overlay-gradient":""},"mobile":{"background-color":"var(--ast-global-color-5)","background-image":"","background-repeat":"repeat","background-position":"center center","background-size":"auto","background-attachment":"scroll","background-type":"","background-media":"","overlay-type":"","overlay-color":"","overlay-opacity":"","overlay-gradient":""}},"footnotes":""},"categories":[34],"tags":[],"class_list":["post-3008","post","type-post","status-publish","format-standard","hentry","category-opiniao"],"jetpack_featured_media_url":"","uagb_featured_image_src":{"full":false,"thumbnail":false,"medium":false,"medium_large":false,"large":false,"1536x1536":false,"2048x2048":false},"uagb_author_info":{"display_name":"ogpa","author_link":"https:\/\/ogpa.com.br\/index.php\/author\/gaagpam\/"},"uagb_comment_info":32,"uagb_excerpt":"O que \u00e9 liberdade? Liberdade tem v\u00e1rios significados, pode ser entendida como desenvolvimento (Amartya Sen1), mas tamb\u00e9m em sentido amplo constitui o pr\u00f3prio ser social (Karl Marx2). Para este ensaio \u00e9 mais estrat\u00e9gico problematizar: para quem a liberdade \u00e9 prometida? Seja objetiva ou subjetivamente.\u00a0 A promessa de \u201campliar\u201d, \u201cabrir\u201d ou \u201cprolongar\u201d vias em Bel\u00e9m n\u00e3o&hellip;","jetpack-related-posts":[{"id":3535,"url":"https:\/\/ogpa.com.br\/index.php\/2025\/05\/16\/os-riscos-socioambientais-da-av-liberdade-comentarios-de-andre-farias\/","url_meta":{"origin":3008,"position":0},"title":"Os riscos socioambientais da Av. Liberdade &#8211; coment\u00e1rios de Andr\u00e9 Farias","author":"ogpa","date":"maio 16, 2025","format":false,"excerpt":"Coment\u00e1rios do Prof. Andr\u00e9 Farias, do Observat\u00f3rio dos Grandes Projetos na Amaz\u00f4nia, para a mat\u00e9ria \u201cOutrage in Brazil over Bel\u00e9m highway project\u201d da\u00a0revista EcoAmericas\u00a0sobre a avenida Liberdade.\u00a0","rel":"","context":"Em &quot;Divulga\u00e7\u00e3o&quot;","block_context":{"text":"Divulga\u00e7\u00e3o","link":"https:\/\/ogpa.com.br\/index.php\/category\/divulgacao\/"},"img":{"alt_text":"","src":"https:\/\/i0.wp.com\/ogpa.com.br\/wp-content\/uploads\/2025\/05\/34.jpg?resize=350%2C200&ssl=1","width":350,"height":200},"classes":[]},{"id":3434,"url":"https:\/\/ogpa.com.br\/index.php\/2025\/04\/04\/conferencia-da-floresta-ou-conferencia-contra-a-floresta-diego-reis\/","url_meta":{"origin":3008,"position":1},"title":"Confer\u00eancia da floresta ou Confer\u00eancia contra a floresta? &#8211; Diego Lima","author":"Diego Lima","date":"abril 4, 2025","format":false,"excerpt":"Tra\u00e7ado da Avenida Liberdade (Fonte: The Times) A resposta para tal indaga\u00e7\u00e3o parece muito clara: \u00e9 contra, levando em considera\u00e7\u00e3o as obras de prepara\u00e7\u00e3o para a chamada COP da floresta.\u00a0 O que o Governador chama de\u00a0janela de oportunidade, eu classifico de \u201cestado de exce\u00e7\u00e3o\u201d, parafraseando Raquel Rolnik1, sobre a prepara\u00e7\u00e3o\u2026","rel":"","context":"Em &quot;Editorial GPU&quot;","block_context":{"text":"Editorial GPU","link":"https:\/\/ogpa.com.br\/index.php\/category\/editorial-gpu\/"},"img":{"alt_text":"","src":"https:\/\/i0.wp.com\/ogpa.com.br\/wp-content\/uploads\/2025\/04\/autostrada_amazzonia.jpg?resize=350%2C200&ssl=1","width":350,"height":200,"srcset":"https:\/\/i0.wp.com\/ogpa.com.br\/wp-content\/uploads\/2025\/04\/autostrada_amazzonia.jpg?resize=350%2C200&ssl=1 1x, https:\/\/i0.wp.com\/ogpa.com.br\/wp-content\/uploads\/2025\/04\/autostrada_amazzonia.jpg?resize=525%2C300&ssl=1 1.5x, https:\/\/i0.wp.com\/ogpa.com.br\/wp-content\/uploads\/2025\/04\/autostrada_amazzonia.jpg?resize=700%2C400&ssl=1 2x, https:\/\/i0.wp.com\/ogpa.com.br\/wp-content\/uploads\/2025\/04\/autostrada_amazzonia.jpg?resize=1050%2C600&ssl=1 3x, https:\/\/i0.wp.com\/ogpa.com.br\/wp-content\/uploads\/2025\/04\/autostrada_amazzonia.jpg?resize=1400%2C800&ssl=1 4x"},"classes":[]},{"id":798,"url":"https:\/\/ogpa.com.br\/index.php\/2023\/07\/31\/contradicoes-da-cop-30-entre-o-discurso-global-e-as-realidades-amazonicas\/","url_meta":{"origin":3008,"position":2},"title":"Contradi\u00e7\u00f5es da COP 30: entre o discurso global e as realidades amaz\u00f4nicas.","author":"ogpa","date":"julho 31, 2023","format":false,"excerpt":"A organiza\u00e7\u00e3o do mundo capitalista possui uma divis\u00e3o internacional do trabalho. No caso brasileiro, essa divis\u00e3o do trabalho se imp\u00f5e na forma de um Estado nacional baseado na produ\u00e7\u00e3o de commodities, na industrializa\u00e7\u00e3o tardia e urbaniza\u00e7\u00e3o desigual, causadores de degrada\u00e7\u00e3o socioambiental. E agora as autoridades supranacionais e interinstitucionais, pilares dessa\u2026","rel":"","context":"Em &quot;Opini\u00e3o&quot;","block_context":{"text":"Opini\u00e3o","link":"https:\/\/ogpa.com.br\/index.php\/category\/opiniao\/"},"img":{"alt_text":"","src":"https:\/\/i0.wp.com\/ogpa.com.br\/wp-content\/uploads\/2023\/07\/WhatsApp-Image-2023-07-31-at-15.56.53.jpeg?resize=350%2C200&ssl=1","width":350,"height":200,"srcset":"https:\/\/i0.wp.com\/ogpa.com.br\/wp-content\/uploads\/2023\/07\/WhatsApp-Image-2023-07-31-at-15.56.53.jpeg?resize=350%2C200&ssl=1 1x, https:\/\/i0.wp.com\/ogpa.com.br\/wp-content\/uploads\/2023\/07\/WhatsApp-Image-2023-07-31-at-15.56.53.jpeg?resize=525%2C300&ssl=1 1.5x, https:\/\/i0.wp.com\/ogpa.com.br\/wp-content\/uploads\/2023\/07\/WhatsApp-Image-2023-07-31-at-15.56.53.jpeg?resize=700%2C400&ssl=1 2x, https:\/\/i0.wp.com\/ogpa.com.br\/wp-content\/uploads\/2023\/07\/WhatsApp-Image-2023-07-31-at-15.56.53.jpeg?resize=1050%2C600&ssl=1 3x"},"classes":[]},{"id":3348,"url":"https:\/\/ogpa.com.br\/index.php\/2025\/03\/30\/a-espera-da-justica-ambiental\/","url_meta":{"origin":3008,"position":3},"title":"\u00c0 espera da Justi\u00e7a Ambiental &#8211; Danilo Bezerra","author":"Danilo Bezerra","date":"mar\u00e7o 30, 2025","format":false,"excerpt":"\u00c0 primeira vista a not\u00edcia do julgamento da mineradora Norsk Hydro pela justi\u00e7a holandesa - em raz\u00e3o dos impactos de suas atividades no Estado do Par\u00e1 - indica a resolu\u00e7\u00e3o de um problema ambiental antigo. Contudo, precisamos considerar que este problema al\u00e9m de antigo \u00e9 demasiado complexo. A sua trajet\u00f3ria\u2026","rel":"","context":"Em &quot;Editorial GPIndustrial&quot;","block_context":{"text":"Editorial GPIndustrial","link":"https:\/\/ogpa.com.br\/index.php\/category\/editorial-gpindustrial\/"},"img":{"alt_text":"","src":"https:\/\/i0.wp.com\/ogpa.com.br\/wp-content\/uploads\/2025\/03\/craiyon_155406_Seal__Design_Elements__The_seal_features_a_balanced_scale_encircled_by_interconnected_hands__symboli-1.png?resize=350%2C200&ssl=1","width":350,"height":200,"srcset":"https:\/\/i0.wp.com\/ogpa.com.br\/wp-content\/uploads\/2025\/03\/craiyon_155406_Seal__Design_Elements__The_seal_features_a_balanced_scale_encircled_by_interconnected_hands__symboli-1.png?resize=350%2C200&ssl=1 1x, https:\/\/i0.wp.com\/ogpa.com.br\/wp-content\/uploads\/2025\/03\/craiyon_155406_Seal__Design_Elements__The_seal_features_a_balanced_scale_encircled_by_interconnected_hands__symboli-1.png?resize=525%2C300&ssl=1 1.5x, https:\/\/i0.wp.com\/ogpa.com.br\/wp-content\/uploads\/2025\/03\/craiyon_155406_Seal__Design_Elements__The_seal_features_a_balanced_scale_encircled_by_interconnected_hands__symboli-1.png?resize=700%2C400&ssl=1 2x"},"classes":[]},{"id":3752,"url":"https:\/\/ogpa.com.br\/index.php\/2025\/11\/28\/licenciamento-ambiental-entre-o-discurso-da-modernizacao-e-os-riscos-de-retrocesso\/","url_meta":{"origin":3008,"position":4},"title":"Licenciamento Ambiental: entre o discurso da moderniza\u00e7\u00e3o e os riscos de retrocesso &#8211; J\u00e9ssica Ara\u00fajo","author":"Jessica Soure","date":"novembro 28, 2025","format":false,"excerpt":"Vota\u00e7\u00e3o da derrubada dos vetos presidenciais \u00e0 Lei Geral de Licenciamento Ambiental (Fonte: Ag\u00eancia Senado) A aprova\u00e7\u00e3o da Lei Geral do Licenciamento Ambiental foi celebrada como marco de governan\u00e7a, prometendo simplifica\u00e7\u00e3o e seguran\u00e7a jur\u00eddica para empreendedores. Todavia, ao ser analisada segundo a Constitui\u00e7\u00e3o Federal, os compromissos internacionais assumidos pelo Brasil\u2026","rel":"","context":"Em &quot;Licenciamento Ambiental&quot;","block_context":{"text":"Licenciamento Ambiental","link":"https:\/\/ogpa.com.br\/index.php\/category\/licenciamento-ambiental\/"},"img":{"alt_text":"","src":"https:\/\/i0.wp.com\/ogpa.com.br\/wp-content\/uploads\/2025\/11\/imagem_materia-1.jpg?resize=350%2C200&ssl=1","width":350,"height":200,"srcset":"https:\/\/i0.wp.com\/ogpa.com.br\/wp-content\/uploads\/2025\/11\/imagem_materia-1.jpg?resize=350%2C200&ssl=1 1x, https:\/\/i0.wp.com\/ogpa.com.br\/wp-content\/uploads\/2025\/11\/imagem_materia-1.jpg?resize=525%2C300&ssl=1 1.5x, https:\/\/i0.wp.com\/ogpa.com.br\/wp-content\/uploads\/2025\/11\/imagem_materia-1.jpg?resize=700%2C400&ssl=1 2x"},"classes":[]},{"id":842,"url":"https:\/\/ogpa.com.br\/index.php\/2023\/11\/28\/prefeitura-de-belem-analisa-reativar-o-lixao-do-aura\/","url_meta":{"origin":3008,"position":5},"title":"Aterro sanit\u00e1rio de Marituba: fechamento ou prorroga\u00e7\u00e3o?","author":"ogpa","date":"novembro 28, 2023","format":false,"excerpt":"No final do presente m\u00eas de Novembro, o aterrro sanit\u00e1rio de Marituba ser\u00e1 fechado. Em funcionamento desde 2015, esse grande projeto urbano visava o cumprimento da Lei n\u00ba 12.305\/10, que institui a Pol\u00edtica Nacional de Res\u00edduos S\u00f3lidos (PNRS) e o fim dos lix\u00f5es. Contudo, devido a uma serie de irregularidades\u2026","rel":"","context":"Em &quot;Grande Projeto Urbano&quot;","block_context":{"text":"Grande Projeto Urbano","link":"https:\/\/ogpa.com.br\/index.php\/category\/grande-projeto-urbano\/"},"img":{"alt_text":"","src":"https:\/\/i0.wp.com\/ogpa.com.br\/wp-content\/uploads\/2024\/02\/87334_284054.jpg?resize=350%2C200&ssl=1","width":350,"height":200,"srcset":"https:\/\/i0.wp.com\/ogpa.com.br\/wp-content\/uploads\/2024\/02\/87334_284054.jpg?resize=350%2C200&ssl=1 1x, https:\/\/i0.wp.com\/ogpa.com.br\/wp-content\/uploads\/2024\/02\/87334_284054.jpg?resize=525%2C300&ssl=1 1.5x, https:\/\/i0.wp.com\/ogpa.com.br\/wp-content\/uploads\/2024\/02\/87334_284054.jpg?resize=700%2C400&ssl=1 2x"},"classes":[]}],"_links":{"self":[{"href":"https:\/\/ogpa.com.br\/index.php\/wp-json\/wp\/v2\/posts\/3008","targetHints":{"allow":["GET"]}}],"collection":[{"href":"https:\/\/ogpa.com.br\/index.php\/wp-json\/wp\/v2\/posts"}],"about":[{"href":"https:\/\/ogpa.com.br\/index.php\/wp-json\/wp\/v2\/types\/post"}],"author":[{"embeddable":true,"href":"https:\/\/ogpa.com.br\/index.php\/wp-json\/wp\/v2\/users\/1"}],"replies":[{"embeddable":true,"href":"https:\/\/ogpa.com.br\/index.php\/wp-json\/wp\/v2\/comments?post=3008"}],"version-history":[{"count":61,"href":"https:\/\/ogpa.com.br\/index.php\/wp-json\/wp\/v2\/posts\/3008\/revisions"}],"predecessor-version":[{"id":3444,"href":"https:\/\/ogpa.com.br\/index.php\/wp-json\/wp\/v2\/posts\/3008\/revisions\/3444"}],"wp:attachment":[{"href":"https:\/\/ogpa.com.br\/index.php\/wp-json\/wp\/v2\/media?parent=3008"}],"wp:term":[{"taxonomy":"category","embeddable":true,"href":"https:\/\/ogpa.com.br\/index.php\/wp-json\/wp\/v2\/categories?post=3008"},{"taxonomy":"post_tag","embeddable":true,"href":"https:\/\/ogpa.com.br\/index.php\/wp-json\/wp\/v2\/tags?post=3008"}],"curies":[{"name":"wp","href":"https:\/\/api.w.org\/{rel}","templated":true}]}}