{"id":3348,"date":"2025-03-30T14:43:52","date_gmt":"2025-03-30T14:43:52","guid":{"rendered":"https:\/\/ogpa.com.br\/?p=3348"},"modified":"2025-04-09T17:59:54","modified_gmt":"2025-04-09T17:59:54","slug":"a-espera-da-justica-ambiental","status":"publish","type":"post","link":"https:\/\/ogpa.com.br\/index.php\/2025\/03\/30\/a-espera-da-justica-ambiental\/","title":{"rendered":"\u00c0 espera da Justi\u00e7a Ambiental &#8211; Danilo Bezerra"},"content":{"rendered":"\n<figure class=\"wp-block-image aligncenter size-full is-resized\"><img fetchpriority=\"high\" decoding=\"async\" width=\"733\" height=\"1018\" src=\"https:\/\/ogpa.com.br\/wp-content\/uploads\/2025\/03\/craiyon_155406_Seal__Design_Elements__The_seal_features_a_balanced_scale_encircled_by_interconnected_hands__symboli-1.png\" alt=\"\" class=\"wp-image-3356\" style=\"width:238px;height:auto\" srcset=\"https:\/\/ogpa.com.br\/wp-content\/uploads\/2025\/03\/craiyon_155406_Seal__Design_Elements__The_seal_features_a_balanced_scale_encircled_by_interconnected_hands__symboli-1.png 733w, https:\/\/ogpa.com.br\/wp-content\/uploads\/2025\/03\/craiyon_155406_Seal__Design_Elements__The_seal_features_a_balanced_scale_encircled_by_interconnected_hands__symboli-1-216x300.png 216w\" sizes=\"(max-width: 733px) 100vw, 733px\" \/><\/figure>\n\n\n\n<p><\/p>\n\n\n\n<p class=\"has-text-align-justify\">\u00c0 primeira vista a <a href=\"https:\/\/g1.globo.com\/pa\/para\/noticia\/2025\/03\/12\/justica-holandesa-julga-atividades-da-mineradora-hydro-que-podem-ter-afetado-11-mil-pessoas-no-para.ghtml\" class=\"ek-link\"><strong>not\u00edcia do julgamento da mineradora Norsk Hydro pela justi\u00e7a holandesa<\/strong><\/a> &#8211; em raz\u00e3o dos impactos de suas atividades no Estado do Par\u00e1 &#8211; indica a resolu\u00e7\u00e3o de um problema ambiental antigo. Contudo, precisamos considerar que este problema al\u00e9m de antigo \u00e9 demasiado complexo. A sua trajet\u00f3ria at\u00e9 \u00e0 corte holandesa revela um longo caminho de dificuldades e obst\u00e1culos percorrido pela sociedade, que come\u00e7a na estrutura da gest\u00e3o ambiental brasileira.<\/p>\n\n\n\n<p class=\"has-text-align-justify\">Quando falamos em gest\u00e3o ambiental nos referimos a um conjunto de a\u00e7\u00f5es e pol\u00edticas voltadas para a preserva\u00e7\u00e3o, compreendendo atos de regulamenta\u00e7\u00e3o, administra\u00e7\u00e3o e fiscaliza\u00e7\u00e3o, conciliando a preserva\u00e7\u00e3o e a conserva\u00e7\u00e3o do meio ambiente com as demandas dos grandes projetos econ\u00f4micos.<\/p>\n\n\n\n<p class=\"has-text-align-justify\">A gest\u00e3o ambiental brasileira tem fundamento numa robusta constru\u00e7\u00e3o normativa e em \u00f3rg\u00e3os de gest\u00e3o administrativa que se estruturam entre Uni\u00e3o, Estados e Munic\u00edpios. Entretanto, mesmo existindo um sistema de prote\u00e7\u00e3o ambiental ainda nos deparamos com um cen\u00e1rio de desafios \u00e0 tutela do meio ambiente, frente aos impactos de grandes empreendimentos que se multiplicam e se perpetuam no tempo.<\/p>\n\n\n\n<p class=\"has-text-align-justify\">Com a inefici\u00eancia das inst\u00e2ncias administrativa e pol\u00edtica para lidar com as quest\u00f5es ambientais o sistema judicial passa a ser excessivamente demandada na busca de solu\u00e7\u00f5es concretas. A frequente procura ao Judici\u00e1rio para se decidir quest\u00f5es de grande repercuss\u00e3o social significa um fen\u00f4meno crescente chamado de<strong> judicializa\u00e7\u00e3o<\/strong>.<\/p>\n\n\n\n<p class=\"has-text-align-justify\">Em mat\u00e9ria de meio ambiente, <a href=\"https:\/\/www.cnj.jus.br\/relatorio-aborda-acao-do-judiciario-em-questoes-ambientais-na-amazonia-legal\/\" class=\"ek-link\"><strong>segundo o Conselho Nacional de Justi\u00e7a<\/strong><\/a>, foram iniciados 88.566 processos tratando de quest\u00f5es ambientais na Amaz\u00f4nia entre 1986 e 2020. Dentre estes, destacamos que 24 mil referem-se especificamente a casos de danos ambientais. Existem registros de 22.501 processos de assuntos ambientais somente no Tribunal de Justi\u00e7a do Estado do Par\u00e1 e 34.915 processos no Tribunal Regional Federal da 1\u00b0 Regi\u00e3o que tem por objeto a Amaz\u00f4nia.<\/p>\n\n\n\n<p class=\"has-text-align-justify\">Muitos s\u00e3o os fatores que fomentam a judicializa\u00e7\u00e3o. Podemos mencionar a redemocratiza\u00e7\u00e3o do pa\u00eds, a facilita\u00e7\u00e3o do acesso ao Judici\u00e1rio garantido pela Constitui\u00e7\u00e3o de 1988,  ou tamb\u00e9m a constitucionaliza\u00e7\u00e3o do direito fundamental ao meio ambiente ecologicamente equilibrado.<\/p>\n\n\n\n<p class=\"has-text-align-justify\">Quando observamos os fatos e raz\u00f5es que originaram muitos destes processos, nos deparamos com uma recorr\u00eancia de casos de danos \u00e0 sa\u00fade de comunidades inteiras, decorrentes de impactos ambientais provocados pela atividade de grandes empreendimentos.<\/p>\n\n\n\n<p class=\"has-text-align-justify\">Ocorre que a concentra\u00e7\u00e3o de quest\u00f5es ambientais nos tribunais tem por consequ\u00eancia uma sobrecarga na estrutura do Judici\u00e1rio e maior morosidade na obten\u00e7\u00e3o de respostas.<\/p>\n\n\n\n<p class=\"has-text-align-justify\">Em que pese os avan\u00e7os nos instrumentos legais de prote\u00e7\u00e3o ao meio ambiente, a justi\u00e7a brasileira ainda enfrenta dificuldades para a efetiva responsabiliza\u00e7\u00e3o dos causadores de danos ambientais, tendo em vista que a produ\u00e7\u00e3o dos danos adv\u00e9m de interesses do capital internacional, como \u00e9 o caso da norueguesa Norsk Hydro.<\/p>\n\n\n\n<p class=\"has-text-align-justify\">O julgamento dos impactos ambientais da mineradora pela justi\u00e7a holandesa evidencia que o processo de judicializa\u00e7\u00e3o j\u00e1 transcendeu os limites do Judici\u00e1rio brasileiro, passando a envolver cortes de pa\u00edses nos quais estes grandes projetos t\u00eam sua sede ou tamb\u00e9m mant\u00e9m atividades correlatas &#8211; um verdadeiro grande lit\u00edgio transnacional.<\/p>\n\n\n\n<p class=\"has-text-align-justify\">Antes da Associa\u00e7\u00e3o dos Caboclos, Ind\u00edgena e Quilombolas da Amaz\u00f4nia acionar a Justi\u00e7a holandesa, certamente a Judici\u00e1rio brasileiro recebeu algumas dezenas de processos tratando dos diversos epis\u00f3dios de danos ambientais causados \u00e0s comunidades expostas aos res\u00edduos t\u00f3xicos oriundos da atividade da Norsk Hydro ao longo das \u00faltimas d\u00e9cadas; processos nos quais tamb\u00e9m foram propostas medidas, foram determinadas a\u00e7\u00f5es, celebrados acordos e proferidas senten\u00e7as.<\/p>\n\n\n\n<p class=\"has-text-align-justify\">Com a judicializa\u00e7\u00e3o do caso Norsk Hydro, podemos inferir que, seja em rela\u00e7\u00e3o aos processos em curso nos tribunais p\u00e1trios, seja quanto a a\u00e7\u00e3o movida perante a corte de Roterd\u00e3, persiste nas comunidades diretamente afetadas pelos impactos ambientais um sentimento de espera.<\/p>\n\n\n\n<p class=\"has-text-align-justify\">Mesmo com a cria\u00e7\u00e3o de novas leis, a implementa\u00e7\u00e3o de novas pol\u00edticas e a maior liberdade de acesso a tribunais, comunidades inteiras ainda aguardam. Permanecem resistindo e aguardando justi\u00e7a por um passado de danos ambientais sofridos, enquanto tamb\u00e9m esperam respostas para um dilema global que se arrasta no tempo e lhes aponta um futuro de incertezas.<\/p>\n\n\n\n<p class=\"has-text-align-right\">                                                              <\/p>\n\n\n\n<p class=\"has-text-align-right\"><strong>Danilo Victor da Silva Bezerra <\/strong>\u00e9 advogado, mestre em Gest\u00e3o e Desenvolvimento do Meio Ambiente (NUMA-UFPA)<\/p>\n","protected":false},"excerpt":{"rendered":"<p>\u00c0 primeira vista a not\u00edcia do julgamento da mineradora Norsk Hydro pela justi\u00e7a holandesa &#8211; em raz\u00e3o dos impactos de suas atividades no Estado do Par\u00e1 &#8211; indica a resolu\u00e7\u00e3o de um problema ambiental antigo. Contudo, precisamos considerar que este problema al\u00e9m de antigo \u00e9 demasiado complexo. A sua trajet\u00f3ria at\u00e9 \u00e0 corte holandesa revela [&hellip;]<\/p>\n","protected":false},"author":5,"featured_media":0,"comment_status":"open","ping_status":"open","sticky":false,"template":"","format":"standard","meta":{"_editorskit_title_hidden":false,"_editorskit_reading_time":0,"_editorskit_is_block_options_detached":false,"_editorskit_block_options_position":"{}","_uag_custom_page_level_css":"","site-sidebar-layout":"default","site-content-layout":"","ast-site-content-layout":"default","site-content-style":"default","site-sidebar-style":"default","ast-global-header-display":"","ast-banner-title-visibility":"","ast-main-header-display":"","ast-hfb-above-header-display":"","ast-hfb-below-header-display":"","ast-hfb-mobile-header-display":"","site-post-title":"","ast-breadcrumbs-content":"","ast-featured-img":"","footer-sml-layout":"","theme-transparent-header-meta":"","adv-header-id-meta":"","stick-header-meta":"","header-above-stick-meta":"","header-main-stick-meta":"","header-below-stick-meta":"","astra-migrate-meta-layouts":"set","ast-page-background-enabled":"default","ast-page-background-meta":{"desktop":{"background-color":"","background-image":"","background-repeat":"repeat","background-position":"center center","background-size":"auto","background-attachment":"scroll","background-type":"","background-media":"","overlay-type":"","overlay-color":"","overlay-opacity":"","overlay-gradient":""},"tablet":{"background-color":"","background-image":"","background-repeat":"repeat","background-position":"center center","background-size":"auto","background-attachment":"scroll","background-type":"","background-media":"","overlay-type":"","overlay-color":"","overlay-opacity":"","overlay-gradient":""},"mobile":{"background-color":"","background-image":"","background-repeat":"repeat","background-position":"center center","background-size":"auto","background-attachment":"scroll","background-type":"","background-media":"","overlay-type":"","overlay-color":"","overlay-opacity":"","overlay-gradient":""}},"ast-content-background-meta":{"desktop":{"background-color":"var(--ast-global-color-5)","background-image":"","background-repeat":"repeat","background-position":"center center","background-size":"auto","background-attachment":"scroll","background-type":"","background-media":"","overlay-type":"","overlay-color":"","overlay-opacity":"","overlay-gradient":""},"tablet":{"background-color":"var(--ast-global-color-5)","background-image":"","background-repeat":"repeat","background-position":"center center","background-size":"auto","background-attachment":"scroll","background-type":"","background-media":"","overlay-type":"","overlay-color":"","overlay-opacity":"","overlay-gradient":""},"mobile":{"background-color":"var(--ast-global-color-5)","background-image":"","background-repeat":"repeat","background-position":"center center","background-size":"auto","background-attachment":"scroll","background-type":"","background-media":"","overlay-type":"","overlay-color":"","overlay-opacity":"","overlay-gradient":""}},"footnotes":""},"categories":[37],"tags":[134],"class_list":["post-3348","post","type-post","status-publish","format-standard","hentry","category-editorial-gpindustrial","tag-justica-ambiental"],"jetpack_featured_media_url":"","uagb_featured_image_src":{"full":false,"thumbnail":false,"medium":false,"medium_large":false,"large":false,"1536x1536":false,"2048x2048":false},"uagb_author_info":{"display_name":"Danilo Bezerra","author_link":"https:\/\/ogpa.com.br\/index.php\/author\/danilo-victor\/"},"uagb_comment_info":1,"uagb_excerpt":"\u00c0 primeira vista a not\u00edcia do julgamento da mineradora Norsk Hydro pela justi\u00e7a holandesa &#8211; em raz\u00e3o dos impactos de suas atividades no Estado do Par\u00e1 &#8211; indica a resolu\u00e7\u00e3o de um problema ambiental antigo. Contudo, precisamos considerar que este problema al\u00e9m de antigo \u00e9 demasiado complexo. A sua trajet\u00f3ria at\u00e9 \u00e0 corte holandesa revela&hellip;","jetpack-related-posts":[{"id":3813,"url":"https:\/\/ogpa.com.br\/index.php\/2026\/01\/22\/parque-ariri-uma-alternativa-no-meio-urbano\/","url_meta":{"origin":3348,"position":0},"title":"Parque Ariri, uma alternativa no meio urbano","author":"ogpa","date":"janeiro 22, 2026","format":false,"excerpt":"Rio Ariri separando os munic\u00edpios de Bel\u00e9m e Ananindeua Os grandes projetos urbanos v\u00e3o al\u00e9m de sua dimens\u00e3o f\u00edsica, do investimento envolvido ou da complexidade t\u00e9cnica que carregam. Eles produzem um espa\u00e7o urbano muito particular, caracterizado pela concentra\u00e7\u00e3o das decis\u00f5es, pela apropria\u00e7\u00e3o do territ\u00f3rio e pela distribui\u00e7\u00e3o desigual de danos\u2026","rel":"","context":"Em &quot;Editorial OGPA&quot;","block_context":{"text":"Editorial OGPA","link":"https:\/\/ogpa.com.br\/index.php\/category\/editorial-ogpa\/"},"img":{"alt_text":"","src":"https:\/\/i0.wp.com\/ogpa.com.br\/wp-content\/uploads\/2026\/01\/123.jpg?resize=350%2C200&ssl=1","width":350,"height":200,"srcset":"https:\/\/i0.wp.com\/ogpa.com.br\/wp-content\/uploads\/2026\/01\/123.jpg?resize=350%2C200&ssl=1 1x, https:\/\/i0.wp.com\/ogpa.com.br\/wp-content\/uploads\/2026\/01\/123.jpg?resize=525%2C300&ssl=1 1.5x, https:\/\/i0.wp.com\/ogpa.com.br\/wp-content\/uploads\/2026\/01\/123.jpg?resize=700%2C400&ssl=1 2x"},"classes":[]},{"id":3601,"url":"https:\/\/ogpa.com.br\/index.php\/2025\/05\/29\/marginalizacao-sob-promessas-de-sustentabilidade-gabriela-de-souza\/","url_meta":{"origin":3348,"position":1},"title":"Marginaliza\u00e7\u00e3o sob promessas de sustentabilidade &#8211; Gabriela de Souza","author":"Gabriela Souza","date":"maio 29, 2025","format":false,"excerpt":"Ilha do Combu em imagem de sat\u00e9lite A an\u00e1lise de not\u00edcias recentes sobre a Ilha do Combu, um dos cart\u00f5es-postais da regi\u00e3o e palco de eventos pr\u00e9-COP, revela uma disson\u00e2ncia preocupante entre a imagem de sustentabilidade projetada para o mundo e a realidade de abandono e injusti\u00e7a socioambiental vivida por\u2026","rel":"","context":"Em &quot;Justi\u00e7a Ambiental&quot;","block_context":{"text":"Justi\u00e7a Ambiental","link":"https:\/\/ogpa.com.br\/index.php\/category\/justica-ambiental\/"},"img":{"alt_text":"","src":"https:\/\/i0.wp.com\/ogpa.com.br\/wp-content\/uploads\/2025\/05\/2.jpg?resize=350%2C200&ssl=1","width":350,"height":200,"srcset":"https:\/\/i0.wp.com\/ogpa.com.br\/wp-content\/uploads\/2025\/05\/2.jpg?resize=350%2C200&ssl=1 1x, https:\/\/i0.wp.com\/ogpa.com.br\/wp-content\/uploads\/2025\/05\/2.jpg?resize=525%2C300&ssl=1 1.5x, https:\/\/i0.wp.com\/ogpa.com.br\/wp-content\/uploads\/2025\/05\/2.jpg?resize=700%2C400&ssl=1 2x, https:\/\/i0.wp.com\/ogpa.com.br\/wp-content\/uploads\/2025\/05\/2.jpg?resize=1050%2C600&ssl=1 3x"},"classes":[]},{"id":3752,"url":"https:\/\/ogpa.com.br\/index.php\/2025\/11\/28\/licenciamento-ambiental-entre-o-discurso-da-modernizacao-e-os-riscos-de-retrocesso\/","url_meta":{"origin":3348,"position":2},"title":"Licenciamento Ambiental: entre o discurso da moderniza\u00e7\u00e3o e os riscos de retrocesso &#8211; J\u00e9ssica Ara\u00fajo","author":"Jessica Soure","date":"novembro 28, 2025","format":false,"excerpt":"Vota\u00e7\u00e3o da derrubada dos vetos presidenciais \u00e0 Lei Geral de Licenciamento Ambiental (Fonte: Ag\u00eancia Senado) A aprova\u00e7\u00e3o da Lei Geral do Licenciamento Ambiental foi celebrada como marco de governan\u00e7a, prometendo simplifica\u00e7\u00e3o e seguran\u00e7a jur\u00eddica para empreendedores. Todavia, ao ser analisada segundo a Constitui\u00e7\u00e3o Federal, os compromissos internacionais assumidos pelo Brasil\u2026","rel":"","context":"Em &quot;Licenciamento Ambiental&quot;","block_context":{"text":"Licenciamento Ambiental","link":"https:\/\/ogpa.com.br\/index.php\/category\/licenciamento-ambiental\/"},"img":{"alt_text":"","src":"https:\/\/i0.wp.com\/ogpa.com.br\/wp-content\/uploads\/2025\/11\/imagem_materia-1.jpg?resize=350%2C200&ssl=1","width":350,"height":200,"srcset":"https:\/\/i0.wp.com\/ogpa.com.br\/wp-content\/uploads\/2025\/11\/imagem_materia-1.jpg?resize=350%2C200&ssl=1 1x, https:\/\/i0.wp.com\/ogpa.com.br\/wp-content\/uploads\/2025\/11\/imagem_materia-1.jpg?resize=525%2C300&ssl=1 1.5x, https:\/\/i0.wp.com\/ogpa.com.br\/wp-content\/uploads\/2025\/11\/imagem_materia-1.jpg?resize=700%2C400&ssl=1 2x"},"classes":[]},{"id":3580,"url":"https:\/\/ogpa.com.br\/index.php\/2025\/05\/23\/transicao-energetica-tragedia-ambiental-igor-basilio-silva\/","url_meta":{"origin":3348,"position":3},"title":"Transi\u00e7\u00e3o energ\u00e9tica, trag\u00e9dia ambiental &#8211; Igor Bas\u00edlio-Silva","author":"igor basilio-silva","date":"maio 23, 2025","format":false,"excerpt":"As discuss\u00f5es sobre minerais cr\u00edticos ou estrat\u00e9gicos t\u00eam sido um tema frequentemente relacionado \u00e0 transi\u00e7\u00e3o energ\u00e9tica. Essa transi\u00e7\u00e3o tem como meta a substitui\u00e7\u00e3o da energia f\u00f3ssil (petr\u00f3leo, gasolina, diesel, querosene), seja na mobilidade urbana, seja no uso industrial, por uma energia que n\u00e3o emite gases do efeito estufa, como a\u2026","rel":"","context":"Em &quot;Editorial GPIndustrial&quot;","block_context":{"text":"Editorial GPIndustrial","link":"https:\/\/ogpa.com.br\/index.php\/category\/editorial-gpindustrial\/"},"img":{"alt_text":"","src":"https:\/\/i0.wp.com\/ogpa.com.br\/wp-content\/uploads\/2025\/05\/Gemini_Generated_Image_dtltsudtltsudtlt-1.jpg?resize=350%2C200&ssl=1","width":350,"height":200,"srcset":"https:\/\/i0.wp.com\/ogpa.com.br\/wp-content\/uploads\/2025\/05\/Gemini_Generated_Image_dtltsudtltsudtlt-1.jpg?resize=350%2C200&ssl=1 1x, https:\/\/i0.wp.com\/ogpa.com.br\/wp-content\/uploads\/2025\/05\/Gemini_Generated_Image_dtltsudtltsudtlt-1.jpg?resize=525%2C300&ssl=1 1.5x, https:\/\/i0.wp.com\/ogpa.com.br\/wp-content\/uploads\/2025\/05\/Gemini_Generated_Image_dtltsudtltsudtlt-1.jpg?resize=700%2C400&ssl=1 2x, https:\/\/i0.wp.com\/ogpa.com.br\/wp-content\/uploads\/2025\/05\/Gemini_Generated_Image_dtltsudtltsudtlt-1.jpg?resize=1050%2C600&ssl=1 3x, https:\/\/i0.wp.com\/ogpa.com.br\/wp-content\/uploads\/2025\/05\/Gemini_Generated_Image_dtltsudtltsudtlt-1.jpg?resize=1400%2C800&ssl=1 4x"},"classes":[]},{"id":3398,"url":"https:\/\/ogpa.com.br\/index.php\/2025\/03\/30\/cop-30-em-belem-e-o-racismo-ambiental-na-vila-da-barca\/","url_meta":{"origin":3348,"position":4},"title":"COP 30 em Bel\u00e9m e o Racismo Ambiental na Vila da Barca &#8211; Arlan Seabra","author":"Arlan Seabra","date":"mar\u00e7o 30, 2025","format":false,"excerpt":"Vila da Barca, ao fundo bairro do Umarizal (fonte:@viladabarca) Achille Mbembe1 destaca que a categoria ra\u00e7a foi respons\u00e1vel por cat\u00e1strofes hist\u00f3ricas, \"devasta\u00e7\u00f5es ps\u00edquicas assombrosas e incalcul\u00e1veis crimes e massacres\". Esse legado n\u00e3o desapareceu. Em um \"imperialismo da desorganiza\u00e7\u00e3o\" fabrica desastres e naturaliza a exce\u00e7\u00e3o. Sob o v\u00e9u de um \"racismo\u2026","rel":"","context":"Em &quot;Editorial GPU&quot;","block_context":{"text":"Editorial GPU","link":"https:\/\/ogpa.com.br\/index.php\/category\/editorial-gpu\/"},"img":{"alt_text":"","src":"https:\/\/i0.wp.com\/ogpa.com.br\/wp-content\/uploads\/2025\/03\/r-1.jpg?resize=350%2C200&ssl=1","width":350,"height":200},"classes":[]},{"id":3588,"url":"https:\/\/ogpa.com.br\/index.php\/2025\/05\/23\/uma-decada-de-pesquisa-sobre-grandes-projetos-na-amazonia-avancos-obstaculos-e-perspectivas-andre-farias\/","url_meta":{"origin":3348,"position":5},"title":"Uma d\u00e9cada de pesquisa sobre Grandes Projetos na Amaz\u00f4nia: avan\u00e7os, obst\u00e1culos e perspectivas &#8211; Andr\u00e9 Farias","author":"andre farias","date":"maio 23, 2025","format":false,"excerpt":"Com a participa\u00e7\u00e3o de docentes e discentes, o Grupo de Pesquisa Grandes Projetos na Amaz\u00f4nia (GPA) tem mantido, desde sua cria\u00e7\u00e3o, contato permanente com diversos grupos e movimentos sociais para a constru\u00e7\u00e3o de uma agenda de pesquisa desafiadora. Na Amaz\u00f4nia, novos projetos se acumulam sobre projetos hist\u00f3ricos de degrada\u00e7\u00e3o ambiental.\u2026","rel":"","context":"Em &quot;Opini\u00e3o&quot;","block_context":{"text":"Opini\u00e3o","link":"https:\/\/ogpa.com.br\/index.php\/category\/opiniao\/"},"img":{"alt_text":"","src":"https:\/\/i0.wp.com\/ogpa.com.br\/wp-content\/uploads\/2025\/04\/111-removebg-preview.png?resize=350%2C200&ssl=1","width":350,"height":200},"classes":[]}],"_links":{"self":[{"href":"https:\/\/ogpa.com.br\/index.php\/wp-json\/wp\/v2\/posts\/3348","targetHints":{"allow":["GET"]}}],"collection":[{"href":"https:\/\/ogpa.com.br\/index.php\/wp-json\/wp\/v2\/posts"}],"about":[{"href":"https:\/\/ogpa.com.br\/index.php\/wp-json\/wp\/v2\/types\/post"}],"author":[{"embeddable":true,"href":"https:\/\/ogpa.com.br\/index.php\/wp-json\/wp\/v2\/users\/5"}],"replies":[{"embeddable":true,"href":"https:\/\/ogpa.com.br\/index.php\/wp-json\/wp\/v2\/comments?post=3348"}],"version-history":[{"count":36,"href":"https:\/\/ogpa.com.br\/index.php\/wp-json\/wp\/v2\/posts\/3348\/revisions"}],"predecessor-version":[{"id":3405,"href":"https:\/\/ogpa.com.br\/index.php\/wp-json\/wp\/v2\/posts\/3348\/revisions\/3405"}],"wp:attachment":[{"href":"https:\/\/ogpa.com.br\/index.php\/wp-json\/wp\/v2\/media?parent=3348"}],"wp:term":[{"taxonomy":"category","embeddable":true,"href":"https:\/\/ogpa.com.br\/index.php\/wp-json\/wp\/v2\/categories?post=3348"},{"taxonomy":"post_tag","embeddable":true,"href":"https:\/\/ogpa.com.br\/index.php\/wp-json\/wp\/v2\/tags?post=3348"}],"curies":[{"name":"wp","href":"https:\/\/api.w.org\/{rel}","templated":true}]}}