{"id":3398,"date":"2025-03-30T16:49:30","date_gmt":"2025-03-30T16:49:30","guid":{"rendered":"https:\/\/ogpa.com.br\/?p=3398"},"modified":"2025-04-09T17:59:40","modified_gmt":"2025-04-09T17:59:40","slug":"cop-30-em-belem-e-o-racismo-ambiental-na-vila-da-barca","status":"publish","type":"post","link":"https:\/\/ogpa.com.br\/index.php\/2025\/03\/30\/cop-30-em-belem-e-o-racismo-ambiental-na-vila-da-barca\/","title":{"rendered":"COP 30 em Bel\u00e9m e o Racismo Ambiental na Vila da Barca &#8211; Arlan Seabra"},"content":{"rendered":"\n<figure class=\"wp-block-image aligncenter size-full\"><img fetchpriority=\"high\" decoding=\"async\" width=\"462\" height=\"215\" src=\"https:\/\/ogpa.com.br\/wp-content\/uploads\/2025\/03\/r-1.jpg\" alt=\"\" class=\"wp-image-3407\" srcset=\"https:\/\/ogpa.com.br\/wp-content\/uploads\/2025\/03\/r-1.jpg 462w, https:\/\/ogpa.com.br\/wp-content\/uploads\/2025\/03\/r-1-300x140.jpg 300w\" sizes=\"(max-width: 462px) 100vw, 462px\" \/><figcaption class=\"wp-element-caption\">Vila da Barca, ao fundo bairro do Umarizal (fonte:<a href=\"https:\/\/www.instagram.com\/p\/CzMsOsTO7vg\/\" class=\"ek-link\"><strong>@viladabarca<\/strong><\/a>)<\/figcaption><\/figure>\n\n\n\n<hr class=\"wp-block-separator has-alpha-channel-opacity\"\/>\n\n\n\n<p class=\"has-text-align-justify\">Achille Mbembe<sup data-fn=\"5ec0fbdd-2c65-4115-a8bc-182591391a4c\" class=\"fn\"><a href=\"#5ec0fbdd-2c65-4115-a8bc-182591391a4c\" id=\"5ec0fbdd-2c65-4115-a8bc-182591391a4c-link\">1<\/a><\/sup> destaca que a categoria ra\u00e7a foi respons\u00e1vel por cat\u00e1strofes hist\u00f3ricas, &#8220;<em>devasta\u00e7\u00f5es ps\u00edquicas assombrosas e incalcul\u00e1veis crimes e massacres<\/em>&#8220;. Esse legado n\u00e3o desapareceu. Em um &#8220;<em>imperialismo da desorganiza\u00e7\u00e3o<\/em>&#8221; fabrica desastres e naturaliza a exce\u00e7\u00e3o. Sob o v\u00e9u de um &#8220;<em>racismo sem ra\u00e7as<\/em>&#8221; a discrimina\u00e7\u00e3o se difunde, reiteradamente investindo com viol\u00eancia contra corpos negros, ind\u00edgenas e pobres. Para Mbembe o resultado \u00e9 a expans\u00e3o global da l\u00f3gica colonial que reduz vidas a corpos completamente descart\u00e1veis.<\/p>\n\n\n\n<p class=\"has-text-align-justify\">Na Vila da Barca <a href=\"https:\/\/almapreta.com.br\/sessao\/cotidiano\/vila-da-barca-recebe-esgoto-e-entulhos-de-bairro-nobre-em-obra-da-cop-30\/\" class=\"ek-link\">isso se traduz em falta de saneamento b\u00e1sico, enquanto o Estado investe milh\u00f5es para embelezar o bairro nobre do Umarizal<\/a>. N\u00e3o se trata apenas de desigualdade, \u00e9 a reprodu\u00e7\u00e3o ampliada de um sistema que associa corpos negros e ind\u00edgenas \u00e0 <em><u>natureza a ser dominada<\/u><\/em><sup data-fn=\"66c397a4-b035-4395-99cc-d67cf3301a82\" class=\"fn\"><a href=\"#66c397a4-b035-4395-99cc-d67cf3301a82\" id=\"66c397a4-b035-4395-99cc-d67cf3301a82-link\">2<\/a><\/sup>, justificando seu abandono e descaso. O projeto <a href=\"https:\/\/agenciapara.com.br\/noticia\/53876\/governador-helder-barbalho-assina-ordem-de-servico-para-construcao-da-nova-doca\">Nova Doca<\/a> \u00e9 um exemplo dessa dupla viol\u00eancia \u2014 contra humanos e ecossistemas.<\/p>\n\n\n\n<p class=\"has-text-align-justify\">\u00a0Enquanto o canal \u00e9 despolu\u00eddo para turistas, esgoto, entulhos e res\u00edduos da obra s\u00e3o desviados para a comunidade predominantemente negra, onde crian\u00e7as e idosos respiram poeira e ar contaminado. Essa pr\u00e1tica ecoa o <em><u>antropocentrismo colonial<\/u><\/em><sup data-fn=\"e9ed54c2-6e12-4eef-8054-5fd52d6dc87c\" class=\"fn\"><a href=\"#e9ed54c2-6e12-4eef-8054-5fd52d6dc87c\" id=\"e9ed54c2-6e12-4eef-8054-5fd52d6dc87c-link\">3<\/a><\/sup>, a ideia de que a natureza (e os corpos racializados) existe para ser explorada. A Vila da Barca assim torna-se uma\u00a0cena colonial contempor\u00e2nea, onde o retrato do capitalismo verde da COP 30 se choca com a realidade de quem vive ao lado do esgoto.<\/p>\n\n\n\n<p class=\"has-text-align-justify\">A l\u00f3gica que condena a Vila da Barca remonta \u00e0 g\u00eanese do conceito de&nbsp;racismo ambiental. Cunhado por Benjamin Chavis Jr.<sup data-fn=\"a905348c-4d26-4e59-a01f-09b9caacc790\" class=\"fn\"><a href=\"#a905348c-4d26-4e59-a01f-09b9caacc790\" id=\"a905348c-4d26-4e59-a01f-09b9caacc790-link\">4<\/a><\/sup> como: a imposi\u00e7\u00e3o deliberada de cargas ambientais t\u00f3xicas sobre grupos racializados, refor\u00e7ando hierarquias herdadas do colonialismo.<\/p>\n\n\n\n<p class=\"has-text-align-justify\">\u00c9 not\u00f3ria a aus\u00eancia de equidade geogr\u00e1fica na distribui\u00e7\u00e3o dos riscos \u00e0 sa\u00fade ambiental quando se intersecciona ra\u00e7a e renda: comunidades n\u00e3o brancas s\u00e3o alvo desproporcional de rejeitos perigosos<sup data-fn=\"a4f61465-f2d7-48fc-a801-be4c47d0bc17\" class=\"fn\"><a href=\"#a4f61465-f2d7-48fc-a801-be4c47d0bc17\" id=\"a4f61465-f2d7-48fc-a801-be4c47d0bc17-link\">5<\/a><\/sup>.<\/p>\n\n\n\n<p class=\"has-text-align-justify\">Em Bel\u00e9m o racismo ambiental opera como um bra\u00e7o da <strong>necropol\u00edtica<\/strong><sup data-fn=\"5b285f9f-966d-450a-88df-7a9419c99a30\" class=\"fn\"><a href=\"#5b285f9f-966d-450a-88df-7a9419c99a30\" id=\"5b285f9f-966d-450a-88df-7a9419c99a30-link\">6<\/a><\/sup>. A <em><u>injusta ordem ambiental<\/u><\/em><sup data-fn=\"78faf2c4-8976-41d7-b94c-b9e9938a57fe\" class=\"fn\"><a href=\"#78faf2c4-8976-41d7-b94c-b9e9938a57fe\" id=\"78faf2c4-8976-41d7-b94c-b9e9938a57fe-link\">7<\/a><\/sup> n\u00e3o \u00e9 apenas desigualdade, \u00e9 a atualiza\u00e7\u00e3o de um projeto colonial que hierarquiza corpos.<\/p>\n\n\n\n<p class=\"has-text-align-justify\">O lixo e os rejeitos estigmatizam lugares e pessoas, marcando-os como atrasados<sup data-fn=\"2ac14f13-6507-41c0-9e47-5f3b67cfb26b\" class=\"fn\"><a href=\"#2ac14f13-6507-41c0-9e47-5f3b67cfb26b\" id=\"2ac14f13-6507-41c0-9e47-5f3b67cfb26b-link\">8<\/a><\/sup>. Na Vila da Barca, esse estigma \u00e9 tamb\u00e9m racial: as palafitas, associadas a um imagin\u00e1rio de primitivismo justificam o abandono estatal. Enquanto no bairro mais &#8220;nobre&#8221; de Bel\u00e9m o Canal da Doca \u00e9 tratado para turistas, o bota-fora da obra \u00e9 despejado no entorno de fam\u00edlias predominantemente negras. Essa geografia do descarte caracteriza as <em><u>zonas de n\u00e3o-ser<\/u><\/em><sup data-fn=\"7bae61c6-d0f9-479d-adc0-57425268a765\" class=\"fn\"><a href=\"#7bae61c6-d0f9-479d-adc0-57425268a765\" id=\"7bae61c6-d0f9-479d-adc0-57425268a765-link\">9<\/a><\/sup>, espa\u00e7os onde a vida \u00e9 administrada como res\u00edduo.<\/p>\n\n\n\n<p class=\"has-text-align-justify\">A COP 30 ao se realizar em Bel\u00e9m coloca em xeque a ret\u00f3rica do desenvolvimento sustent\u00e1vel. Como parte do\u00a0<em><u>sistema-mundo<\/u><\/em><sup data-fn=\"c44f8eaa-ecfc-4ead-bd0a-18443e058713\" class=\"fn\"><a href=\"#c44f8eaa-ecfc-4ead-bd0a-18443e058713\" id=\"c44f8eaa-ecfc-4ead-bd0a-18443e058713-link\">10<\/a><\/sup>a confer\u00eancia repete a divis\u00e3o internacional do trabalho: l\u00edderes globais debatem metas abstratas em salas climatizadas, enquanto moradores de hiperperiferias lutam por saneamento b\u00e1sico, contra demoli\u00e7\u00e3o de suas casas e desapropria\u00e7\u00f5es compuls\u00f3rias. A <em><u>classifica\u00e7\u00e3o racializada dos sujeitos<\/u><\/em><sup data-fn=\"780d216e-4724-46e7-9dc8-75818c2cf3ec\" class=\"fn\"><a href=\"#780d216e-4724-46e7-9dc8-75818c2cf3ec\" id=\"780d216e-4724-46e7-9dc8-75818c2cf3ec-link\">11<\/a><\/sup><em> <\/em>n\u00e3o \u00e9 um resqu\u00edcio do passado \u2014 \u00e9 motor do presente. <\/p>\n\n\n\n<p class=\"has-text-align-justify\">A Vila da Barca \u00e9 o exemplo de uma necropol\u00edtica que destina rejeitos a territ\u00f3rios onde a popula\u00e7\u00e3o pobre e negra \u00e9 tratada como parte da paisagem a ser degradada. Essa \u00e9 a face concreta do imperialismo da desorganiza\u00e7\u00e3o que transforma a Amaz\u00f4nia em um laborat\u00f3rio de despossess\u00e3o.<\/p>\n\n\n<p style=\"text-align: right;\">Arlan Seabra \u00e9 cientista social, especializando em Educa\u00e7\u00e3o Ambiental (NUMA-UFPA)<\/p>\n\n\n<hr class=\"wp-block-separator has-alpha-channel-opacity\"\/>\n\n\n<ol class=\"wp-block-footnotes\"><li id=\"5ec0fbdd-2c65-4115-a8bc-182591391a4c\"><strong>Achille Mbembe<\/strong> \u00e9 um fil\u00f3sofo, te\u00f3rico pol\u00edtico e intelectual p\u00fablico camaron\u00eas. <a href=\"#5ec0fbdd-2c65-4115-a8bc-182591391a4c-link\" aria-label=\"Ir para a refer\u00eancia 1 na nota de rodap\u00e9\">\u21a9\ufe0e<\/a><\/li><li id=\"66c397a4-b035-4395-99cc-d67cf3301a82\"><em>Cf. An\u00edbal Quijano &#8211; <\/em><a href=\"http:\/\/pt.scribd.com\/doc\/36091067\/Anibal-Quijano-Colonialidade-e-Modernidade-Racionalidade\" class=\"ek-link\"><strong>Colonialidad y modernidad-racionalidad<\/strong><\/a> (2004) <a href=\"#66c397a4-b035-4395-99cc-d67cf3301a82-link\" aria-label=\"Ir para a refer\u00eancia 2 na nota de rodap\u00e9\">\u21a9\ufe0e<\/a><\/li><li id=\"e9ed54c2-6e12-4eef-8054-5fd52d6dc87c\"><em>Cf.<\/em> Porto-Gon\u00e7alves &#8211; <a href=\"https:\/\/periodicos.ufsc.br\/index.php\/interthesis\/article\/view\/25431\" class=\"ek-link\"><strong>A ecologia pol\u00edtica na Am\u00e9rica Latina: reapropria\u00e7\u00e3o social da natureza e reinven\u00e7\u00e3o dos territ\u00f3rios<\/strong><\/a> (2012) <a href=\"#e9ed54c2-6e12-4eef-8054-5fd52d6dc87c-link\" aria-label=\"Ir para a refer\u00eancia 3 na nota de rodap\u00e9\">\u21a9\ufe0e<\/a><\/li><li id=\"a905348c-4d26-4e59-a01f-09b9caacc790\"><strong>Benjamin F. Chavis Jr<\/strong>. \u00e9 um militante dos direitos civis, te\u00f3logo, autor, educador e defensor da justi\u00e7a ambiental <a href=\"#a905348c-4d26-4e59-a01f-09b9caacc790-link\" aria-label=\"Ir para a refer\u00eancia 4 na nota de rodap\u00e9\">\u21a9\ufe0e<\/a><\/li><li id=\"a4f61465-f2d7-48fc-a801-be4c47d0bc17\"><em>Cf.<\/em> Henri Acselrad et al. &#8211; O que \u00e9 Justi\u00e7a Ambiental. Ed. Garamont (2009 ) <a href=\"#a4f61465-f2d7-48fc-a801-be4c47d0bc17-link\" aria-label=\"Ir para a refer\u00eancia 5 na nota de rodap\u00e9\">\u21a9\ufe0e<\/a><\/li><li id=\"5b285f9f-966d-450a-88df-7a9419c99a30\"><strong>Necropol\u00edtica <\/strong>\u00e9 um conceito desenvolvido por Achille Mbembe para descrever como o poder pol\u00edtico e social \u00e9 exercido atrav\u00e9s do controle da vida e da morte <a href=\"#5b285f9f-966d-450a-88df-7a9419c99a30-link\" aria-label=\"Ir para a refer\u00eancia 6 na nota de rodap\u00e9\">\u21a9\ufe0e<\/a><\/li><li id=\"78faf2c4-8976-41d7-b94c-b9e9938a57fe\"><em>Cf. Henri <\/em>Acselrad &#8211; Justi\u00e7a ambiental e a constru\u00e7\u00e3o social do risco (2002) <a href=\"#78faf2c4-8976-41d7-b94c-b9e9938a57fe-link\" aria-label=\"Ir para a refer\u00eancia 7 na nota de rodap\u00e9\">\u21a9\ufe0e<\/a><\/li><li id=\"2ac14f13-6507-41c0-9e47-5f3b67cfb26b\"><em>Cf. Mary Douglas &#8211; <\/em>Pureza e perigo: ensaios sobre sujeira (1966) <a href=\"#2ac14f13-6507-41c0-9e47-5f3b67cfb26b-link\" aria-label=\"Ir para a refer\u00eancia 8 na nota de rodap\u00e9\">\u21a9\ufe0e<\/a><\/li><li id=\"7bae61c6-d0f9-479d-adc0-57425268a765\"><em>Cf. Aquile <\/em>Mbembe &#8211; Cr\u00edtica da raz\u00e3o negra (2018) <a href=\"#7bae61c6-d0f9-479d-adc0-57425268a765-link\" aria-label=\"Ir para a refer\u00eancia 9 na nota de rodap\u00e9\">\u21a9\ufe0e<\/a><\/li><li id=\"c44f8eaa-ecfc-4ead-bd0a-18443e058713\"><em>Cf. <\/em>Immanuel Wallerstein &#8211; Impensar las ciencias sociales: l\u00edmites de los paradigmas decimon\u00f3nicos (1999) <a href=\"#c44f8eaa-ecfc-4ead-bd0a-18443e058713-link\" aria-label=\"Ir para a refer\u00eancia 10 na nota de rodap\u00e9\">\u21a9\ufe0e<\/a><\/li><li id=\"780d216e-4724-46e7-9dc8-75818c2cf3ec\"><em>Cf. An\u00edbal Quijano &#8211; <\/em>Colonialidad y modernidad-racionalidad (2004) <a href=\"#780d216e-4724-46e7-9dc8-75818c2cf3ec-link\" aria-label=\"Ir para a refer\u00eancia 11 na nota de rodap\u00e9\">\u21a9\ufe0e<\/a><\/li><\/ol>","protected":false},"excerpt":{"rendered":"<p>Achille Mbembe destaca que a categoria ra\u00e7a foi respons\u00e1vel por cat\u00e1strofes hist\u00f3ricas, &#8220;devasta\u00e7\u00f5es ps\u00edquicas assombrosas e incalcul\u00e1veis crimes e massacres&#8220;. Esse legado n\u00e3o desapareceu. Em um &#8220;imperialismo da desorganiza\u00e7\u00e3o&#8221; fabrica desastres e naturaliza a exce\u00e7\u00e3o. Sob o v\u00e9u de um &#8220;racismo sem ra\u00e7as&#8221; a discrimina\u00e7\u00e3o se difunde, reiteradamente investindo com viol\u00eancia contra corpos negros, ind\u00edgenas [&hellip;]<\/p>\n","protected":false},"author":6,"featured_media":0,"comment_status":"open","ping_status":"open","sticky":false,"template":"","format":"standard","meta":{"_editorskit_title_hidden":false,"_editorskit_reading_time":0,"_editorskit_is_block_options_detached":false,"_editorskit_block_options_position":"{}","_uag_custom_page_level_css":"","site-sidebar-layout":"default","site-content-layout":"","ast-site-content-layout":"default","site-content-style":"default","site-sidebar-style":"default","ast-global-header-display":"","ast-banner-title-visibility":"","ast-main-header-display":"","ast-hfb-above-header-display":"","ast-hfb-below-header-display":"","ast-hfb-mobile-header-display":"","site-post-title":"","ast-breadcrumbs-content":"","ast-featured-img":"","footer-sml-layout":"","theme-transparent-header-meta":"","adv-header-id-meta":"","stick-header-meta":"","header-above-stick-meta":"","header-main-stick-meta":"","header-below-stick-meta":"","astra-migrate-meta-layouts":"set","ast-page-background-enabled":"default","ast-page-background-meta":{"desktop":{"background-color":"","background-image":"","background-repeat":"repeat","background-position":"center center","background-size":"auto","background-attachment":"scroll","background-type":"","background-media":"","overlay-type":"","overlay-color":"","overlay-opacity":"","overlay-gradient":""},"tablet":{"background-color":"","background-image":"","background-repeat":"repeat","background-position":"center center","background-size":"auto","background-attachment":"scroll","background-type":"","background-media":"","overlay-type":"","overlay-color":"","overlay-opacity":"","overlay-gradient":""},"mobile":{"background-color":"","background-image":"","background-repeat":"repeat","background-position":"center center","background-size":"auto","background-attachment":"scroll","background-type":"","background-media":"","overlay-type":"","overlay-color":"","overlay-opacity":"","overlay-gradient":""}},"ast-content-background-meta":{"desktop":{"background-color":"var(--ast-global-color-5)","background-image":"","background-repeat":"repeat","background-position":"center center","background-size":"auto","background-attachment":"scroll","background-type":"","background-media":"","overlay-type":"","overlay-color":"","overlay-opacity":"","overlay-gradient":""},"tablet":{"background-color":"var(--ast-global-color-5)","background-image":"","background-repeat":"repeat","background-position":"center center","background-size":"auto","background-attachment":"scroll","background-type":"","background-media":"","overlay-type":"","overlay-color":"","overlay-opacity":"","overlay-gradient":""},"mobile":{"background-color":"var(--ast-global-color-5)","background-image":"","background-repeat":"repeat","background-position":"center center","background-size":"auto","background-attachment":"scroll","background-type":"","background-media":"","overlay-type":"","overlay-color":"","overlay-opacity":"","overlay-gradient":""}},"footnotes":"[{\"content\":\"<strong>Achille Mbembe<\/strong> \u00e9 um fil\u00f3sofo, te\u00f3rico pol\u00edtico e intelectual p\u00fablico camaron\u00eas.\",\"id\":\"5ec0fbdd-2c65-4115-a8bc-182591391a4c\"},{\"content\":\"<em>Cf. An\u00edbal Quijano - <\/em><a href=\\\"http:\/\/pt.scribd.com\/doc\/36091067\/Anibal-Quijano-Colonialidade-e-Modernidade-Racionalidade\\\" class=\\\"ek-link\\\"><strong>Colonialidad y modernidad-racionalidad<\/strong><\/a> (2004)\",\"id\":\"66c397a4-b035-4395-99cc-d67cf3301a82\"},{\"content\":\"<em>Cf.<\/em> Porto-Gon\u00e7alves - <a href=\\\"https:\/\/periodicos.ufsc.br\/index.php\/interthesis\/article\/view\/25431\\\" class=\\\"ek-link\\\"><strong>A ecologia pol\u00edtica na Am\u00e9rica Latina: reapropria\u00e7\u00e3o social da natureza e reinven\u00e7\u00e3o dos territ\u00f3rios<\/strong><\/a> (2012)\",\"id\":\"e9ed54c2-6e12-4eef-8054-5fd52d6dc87c\"},{\"content\":\"<strong>Benjamin F. Chavis Jr<\/strong>. \u00e9 um militante dos direitos civis, te\u00f3logo, autor, educador e defensor da justi\u00e7a ambiental\",\"id\":\"a905348c-4d26-4e59-a01f-09b9caacc790\"},{\"content\":\"<em>Cf.<\/em> Henri Acselrad et al. - O que \u00e9 Justi\u00e7a Ambiental. Ed. Garamont (2009 )\",\"id\":\"a4f61465-f2d7-48fc-a801-be4c47d0bc17\"},{\"content\":\"<strong>Necropol\u00edtica <\/strong>\u00e9 um conceito desenvolvido por Achille Mbembe para descrever como o poder pol\u00edtico e social \u00e9 exercido atrav\u00e9s do controle da vida e da morte\",\"id\":\"5b285f9f-966d-450a-88df-7a9419c99a30\"},{\"content\":\"<em>Cf. Henri <\/em>Acselrad - Justi\u00e7a ambiental e a constru\u00e7\u00e3o social do risco (2002)\",\"id\":\"78faf2c4-8976-41d7-b94c-b9e9938a57fe\"},{\"content\":\"<em>Cf. Mary Douglas - <\/em>Pureza e perigo: ensaios sobre sujeira (1966)\",\"id\":\"2ac14f13-6507-41c0-9e47-5f3b67cfb26b\"},{\"content\":\"<em>Cf. Aquile <\/em>Mbembe - Cr\u00edtica da raz\u00e3o negra (2018)\",\"id\":\"7bae61c6-d0f9-479d-adc0-57425268a765\"},{\"content\":\"<em>Cf. <\/em>Immanuel Wallerstein - Impensar las ciencias sociales: l\u00edmites de los paradigmas decimon\u00f3nicos (1999)\",\"id\":\"c44f8eaa-ecfc-4ead-bd0a-18443e058713\"},{\"content\":\"<em>Cf. An\u00edbal Quijano - <\/em>Colonialidad y modernidad-racionalidad (2004)\",\"id\":\"780d216e-4724-46e7-9dc8-75818c2cf3ec\"}]"},"categories":[131],"tags":[133],"class_list":["post-3398","post","type-post","status-publish","format-standard","hentry","category-editorial-gpu","tag-racismo-ambiental"],"jetpack_featured_media_url":"","uagb_featured_image_src":{"full":false,"thumbnail":false,"medium":false,"medium_large":false,"large":false,"1536x1536":false,"2048x2048":false},"uagb_author_info":{"display_name":"Arlan Seabra","author_link":"https:\/\/ogpa.com.br\/index.php\/author\/arlan-seabra\/"},"uagb_comment_info":4,"uagb_excerpt":"Achille Mbembe destaca que a categoria ra\u00e7a foi respons\u00e1vel por cat\u00e1strofes hist\u00f3ricas, &#8220;devasta\u00e7\u00f5es ps\u00edquicas assombrosas e incalcul\u00e1veis crimes e massacres&#8220;. Esse legado n\u00e3o desapareceu. Em um &#8220;imperialismo da desorganiza\u00e7\u00e3o&#8221; fabrica desastres e naturaliza a exce\u00e7\u00e3o. Sob o v\u00e9u de um &#8220;racismo sem ra\u00e7as&#8221; a discrimina\u00e7\u00e3o se difunde, reiteradamente investindo com viol\u00eancia contra corpos negros, ind\u00edgenas&hellip;","jetpack-related-posts":[{"id":4010,"url":"https:\/\/ogpa.com.br\/index.php\/2026\/04\/01\/reassentamento-de-moradores-da-vila-da-barca-reuniao-com-mpf\/","url_meta":{"origin":3398,"position":0},"title":"Reassentamento de moradores da Vila da Barca &#8211; Reuni\u00e3o com MPF","author":"ogpa","date":"abril 1, 2026","format":false,"excerpt":"Vila da Barca, Bel\u00e9m (PA). Fonte: MPF-PA As informa\u00e7\u00f5es abaixo foram divulgadas pela Assessoria de Comunica\u00e7\u00e3o do MPF-PA O Minist\u00e9rio P\u00fablico Federal (MPF) realizar\u00e1 uma reuni\u00e3o p\u00fablica no dia 9 de abril, \u00e0s 15h, em sua sede em Bel\u00e9m (PA), para debater o Projeto Federal de Compra Assistida, proposto pela\u2026","rel":"","context":"Em &quot;Divulga\u00e7\u00e3o&quot;","block_context":{"text":"Divulga\u00e7\u00e3o","link":"https:\/\/ogpa.com.br\/index.php\/category\/divulgacao\/"},"img":{"alt_text":"","src":"https:\/\/i0.wp.com\/ogpa.com.br\/wp-content\/uploads\/2026\/04\/imagem_2026-04-01_102715862.png?resize=350%2C200&ssl=1","width":350,"height":200,"srcset":"https:\/\/i0.wp.com\/ogpa.com.br\/wp-content\/uploads\/2026\/04\/imagem_2026-04-01_102715862.png?resize=350%2C200&ssl=1 1x, https:\/\/i0.wp.com\/ogpa.com.br\/wp-content\/uploads\/2026\/04\/imagem_2026-04-01_102715862.png?resize=525%2C300&ssl=1 1.5x, https:\/\/i0.wp.com\/ogpa.com.br\/wp-content\/uploads\/2026\/04\/imagem_2026-04-01_102715862.png?resize=700%2C400&ssl=1 2x"},"classes":[]},{"id":3601,"url":"https:\/\/ogpa.com.br\/index.php\/2025\/05\/29\/marginalizacao-sob-promessas-de-sustentabilidade-gabriela-de-souza\/","url_meta":{"origin":3398,"position":1},"title":"Marginaliza\u00e7\u00e3o sob promessas de sustentabilidade &#8211; Gabriela de Souza","author":"Gabriela Souza","date":"maio 29, 2025","format":false,"excerpt":"Ilha do Combu em imagem de sat\u00e9lite A an\u00e1lise de not\u00edcias recentes sobre a Ilha do Combu, um dos cart\u00f5es-postais da regi\u00e3o e palco de eventos pr\u00e9-COP, revela uma disson\u00e2ncia preocupante entre a imagem de sustentabilidade projetada para o mundo e a realidade de abandono e injusti\u00e7a socioambiental vivida por\u2026","rel":"","context":"Em &quot;Justi\u00e7a Ambiental&quot;","block_context":{"text":"Justi\u00e7a Ambiental","link":"https:\/\/ogpa.com.br\/index.php\/category\/justica-ambiental\/"},"img":{"alt_text":"","src":"https:\/\/i0.wp.com\/ogpa.com.br\/wp-content\/uploads\/2025\/05\/2.jpg?resize=350%2C200&ssl=1","width":350,"height":200,"srcset":"https:\/\/i0.wp.com\/ogpa.com.br\/wp-content\/uploads\/2025\/05\/2.jpg?resize=350%2C200&ssl=1 1x, https:\/\/i0.wp.com\/ogpa.com.br\/wp-content\/uploads\/2025\/05\/2.jpg?resize=525%2C300&ssl=1 1.5x, https:\/\/i0.wp.com\/ogpa.com.br\/wp-content\/uploads\/2025\/05\/2.jpg?resize=700%2C400&ssl=1 2x, https:\/\/i0.wp.com\/ogpa.com.br\/wp-content\/uploads\/2025\/05\/2.jpg?resize=1050%2C600&ssl=1 3x"},"classes":[]},{"id":3588,"url":"https:\/\/ogpa.com.br\/index.php\/2025\/05\/23\/uma-decada-de-pesquisa-sobre-grandes-projetos-na-amazonia-avancos-obstaculos-e-perspectivas-andre-farias\/","url_meta":{"origin":3398,"position":2},"title":"Uma d\u00e9cada de pesquisa sobre Grandes Projetos na Amaz\u00f4nia: avan\u00e7os, obst\u00e1culos e perspectivas &#8211; Andr\u00e9 Farias","author":"andre farias","date":"maio 23, 2025","format":false,"excerpt":"Com a participa\u00e7\u00e3o de docentes e discentes, o Grupo de Pesquisa Grandes Projetos na Amaz\u00f4nia (GPA) tem mantido, desde sua cria\u00e7\u00e3o, contato permanente com diversos grupos e movimentos sociais para a constru\u00e7\u00e3o de uma agenda de pesquisa desafiadora. Na Amaz\u00f4nia, novos projetos se acumulam sobre projetos hist\u00f3ricos de degrada\u00e7\u00e3o ambiental.\u2026","rel":"","context":"Em &quot;Opini\u00e3o&quot;","block_context":{"text":"Opini\u00e3o","link":"https:\/\/ogpa.com.br\/index.php\/category\/opiniao\/"},"img":{"alt_text":"","src":"https:\/\/i0.wp.com\/ogpa.com.br\/wp-content\/uploads\/2025\/04\/111-removebg-preview.png?resize=350%2C200&ssl=1","width":350,"height":200},"classes":[]},{"id":3752,"url":"https:\/\/ogpa.com.br\/index.php\/2025\/11\/28\/licenciamento-ambiental-entre-o-discurso-da-modernizacao-e-os-riscos-de-retrocesso\/","url_meta":{"origin":3398,"position":3},"title":"Licenciamento Ambiental: entre o discurso da moderniza\u00e7\u00e3o e os riscos de retrocesso &#8211; J\u00e9ssica Ara\u00fajo","author":"Jessica Soure","date":"novembro 28, 2025","format":false,"excerpt":"Vota\u00e7\u00e3o da derrubada dos vetos presidenciais \u00e0 Lei Geral de Licenciamento Ambiental (Fonte: Ag\u00eancia Senado) A aprova\u00e7\u00e3o da Lei Geral do Licenciamento Ambiental foi celebrada como marco de governan\u00e7a, prometendo simplifica\u00e7\u00e3o e seguran\u00e7a jur\u00eddica para empreendedores. Todavia, ao ser analisada segundo a Constitui\u00e7\u00e3o Federal, os compromissos internacionais assumidos pelo Brasil\u2026","rel":"","context":"Em &quot;Licenciamento Ambiental&quot;","block_context":{"text":"Licenciamento Ambiental","link":"https:\/\/ogpa.com.br\/index.php\/category\/licenciamento-ambiental\/"},"img":{"alt_text":"","src":"https:\/\/i0.wp.com\/ogpa.com.br\/wp-content\/uploads\/2025\/11\/imagem_materia-1.jpg?resize=350%2C200&ssl=1","width":350,"height":200,"srcset":"https:\/\/i0.wp.com\/ogpa.com.br\/wp-content\/uploads\/2025\/11\/imagem_materia-1.jpg?resize=350%2C200&ssl=1 1x, https:\/\/i0.wp.com\/ogpa.com.br\/wp-content\/uploads\/2025\/11\/imagem_materia-1.jpg?resize=525%2C300&ssl=1 1.5x, https:\/\/i0.wp.com\/ogpa.com.br\/wp-content\/uploads\/2025\/11\/imagem_materia-1.jpg?resize=700%2C400&ssl=1 2x"},"classes":[]},{"id":3580,"url":"https:\/\/ogpa.com.br\/index.php\/2025\/05\/23\/transicao-energetica-tragedia-ambiental-igor-basilio-silva\/","url_meta":{"origin":3398,"position":4},"title":"Transi\u00e7\u00e3o energ\u00e9tica, trag\u00e9dia ambiental &#8211; Igor Bas\u00edlio-Silva","author":"igor basilio-silva","date":"maio 23, 2025","format":false,"excerpt":"As discuss\u00f5es sobre minerais cr\u00edticos ou estrat\u00e9gicos t\u00eam sido um tema frequentemente relacionado \u00e0 transi\u00e7\u00e3o energ\u00e9tica. Essa transi\u00e7\u00e3o tem como meta a substitui\u00e7\u00e3o da energia f\u00f3ssil (petr\u00f3leo, gasolina, diesel, querosene), seja na mobilidade urbana, seja no uso industrial, por uma energia que n\u00e3o emite gases do efeito estufa, como a\u2026","rel":"","context":"Em &quot;Editorial GPIndustrial&quot;","block_context":{"text":"Editorial GPIndustrial","link":"https:\/\/ogpa.com.br\/index.php\/category\/editorial-gpindustrial\/"},"img":{"alt_text":"","src":"https:\/\/i0.wp.com\/ogpa.com.br\/wp-content\/uploads\/2025\/05\/Gemini_Generated_Image_dtltsudtltsudtlt-1.jpg?resize=350%2C200&ssl=1","width":350,"height":200,"srcset":"https:\/\/i0.wp.com\/ogpa.com.br\/wp-content\/uploads\/2025\/05\/Gemini_Generated_Image_dtltsudtltsudtlt-1.jpg?resize=350%2C200&ssl=1 1x, https:\/\/i0.wp.com\/ogpa.com.br\/wp-content\/uploads\/2025\/05\/Gemini_Generated_Image_dtltsudtltsudtlt-1.jpg?resize=525%2C300&ssl=1 1.5x, https:\/\/i0.wp.com\/ogpa.com.br\/wp-content\/uploads\/2025\/05\/Gemini_Generated_Image_dtltsudtltsudtlt-1.jpg?resize=700%2C400&ssl=1 2x, https:\/\/i0.wp.com\/ogpa.com.br\/wp-content\/uploads\/2025\/05\/Gemini_Generated_Image_dtltsudtltsudtlt-1.jpg?resize=1050%2C600&ssl=1 3x, https:\/\/i0.wp.com\/ogpa.com.br\/wp-content\/uploads\/2025\/05\/Gemini_Generated_Image_dtltsudtltsudtlt-1.jpg?resize=1400%2C800&ssl=1 4x"},"classes":[]},{"id":3813,"url":"https:\/\/ogpa.com.br\/index.php\/2026\/01\/22\/parque-ariri-uma-alternativa-no-meio-urbano\/","url_meta":{"origin":3398,"position":5},"title":"Parque Ariri, uma alternativa no meio urbano","author":"ogpa","date":"janeiro 22, 2026","format":false,"excerpt":"Rio Ariri separando os munic\u00edpios de Bel\u00e9m e Ananindeua Os grandes projetos urbanos v\u00e3o al\u00e9m de sua dimens\u00e3o f\u00edsica, do investimento envolvido ou da complexidade t\u00e9cnica que carregam. Eles produzem um espa\u00e7o urbano muito particular, caracterizado pela concentra\u00e7\u00e3o das decis\u00f5es, pela apropria\u00e7\u00e3o do territ\u00f3rio e pela distribui\u00e7\u00e3o desigual de danos\u2026","rel":"","context":"Em &quot;Editorial OGPA&quot;","block_context":{"text":"Editorial OGPA","link":"https:\/\/ogpa.com.br\/index.php\/category\/editorial-ogpa\/"},"img":{"alt_text":"","src":"https:\/\/i0.wp.com\/ogpa.com.br\/wp-content\/uploads\/2026\/01\/123.jpg?resize=350%2C200&ssl=1","width":350,"height":200,"srcset":"https:\/\/i0.wp.com\/ogpa.com.br\/wp-content\/uploads\/2026\/01\/123.jpg?resize=350%2C200&ssl=1 1x, https:\/\/i0.wp.com\/ogpa.com.br\/wp-content\/uploads\/2026\/01\/123.jpg?resize=525%2C300&ssl=1 1.5x, https:\/\/i0.wp.com\/ogpa.com.br\/wp-content\/uploads\/2026\/01\/123.jpg?resize=700%2C400&ssl=1 2x"},"classes":[]}],"_links":{"self":[{"href":"https:\/\/ogpa.com.br\/index.php\/wp-json\/wp\/v2\/posts\/3398","targetHints":{"allow":["GET"]}}],"collection":[{"href":"https:\/\/ogpa.com.br\/index.php\/wp-json\/wp\/v2\/posts"}],"about":[{"href":"https:\/\/ogpa.com.br\/index.php\/wp-json\/wp\/v2\/types\/post"}],"author":[{"embeddable":true,"href":"https:\/\/ogpa.com.br\/index.php\/wp-json\/wp\/v2\/users\/6"}],"replies":[{"embeddable":true,"href":"https:\/\/ogpa.com.br\/index.php\/wp-json\/wp\/v2\/comments?post=3398"}],"version-history":[{"count":10,"href":"https:\/\/ogpa.com.br\/index.php\/wp-json\/wp\/v2\/posts\/3398\/revisions"}],"predecessor-version":[{"id":3416,"href":"https:\/\/ogpa.com.br\/index.php\/wp-json\/wp\/v2\/posts\/3398\/revisions\/3416"}],"wp:attachment":[{"href":"https:\/\/ogpa.com.br\/index.php\/wp-json\/wp\/v2\/media?parent=3398"}],"wp:term":[{"taxonomy":"category","embeddable":true,"href":"https:\/\/ogpa.com.br\/index.php\/wp-json\/wp\/v2\/categories?post=3398"},{"taxonomy":"post_tag","embeddable":true,"href":"https:\/\/ogpa.com.br\/index.php\/wp-json\/wp\/v2\/tags?post=3398"}],"curies":[{"name":"wp","href":"https:\/\/api.w.org\/{rel}","templated":true}]}}