{"id":3434,"date":"2025-04-04T14:52:01","date_gmt":"2025-04-04T14:52:01","guid":{"rendered":"https:\/\/ogpa.com.br\/?p=3434"},"modified":"2025-04-05T03:39:55","modified_gmt":"2025-04-05T03:39:55","slug":"conferencia-da-floresta-ou-conferencia-contra-a-floresta-diego-reis","status":"publish","type":"post","link":"https:\/\/ogpa.com.br\/index.php\/2025\/04\/04\/conferencia-da-floresta-ou-conferencia-contra-a-floresta-diego-reis\/","title":{"rendered":"Confer\u00eancia da floresta ou Confer\u00eancia contra a floresta? &#8211; Diego Lima"},"content":{"rendered":"\n<figure class=\"wp-block-image aligncenter size-large is-resized\"><img fetchpriority=\"high\" decoding=\"async\" width=\"1024\" height=\"683\" src=\"https:\/\/ogpa.com.br\/wp-content\/uploads\/2025\/04\/autostrada_amazzonia-1024x683.jpg\" alt=\"\" class=\"wp-image-3440\" style=\"width:639px;height:auto\" srcset=\"https:\/\/ogpa.com.br\/wp-content\/uploads\/2025\/04\/autostrada_amazzonia-1024x683.jpg 1024w, https:\/\/ogpa.com.br\/wp-content\/uploads\/2025\/04\/autostrada_amazzonia-300x200.jpg 300w, https:\/\/ogpa.com.br\/wp-content\/uploads\/2025\/04\/autostrada_amazzonia-768x512.jpg 768w, https:\/\/ogpa.com.br\/wp-content\/uploads\/2025\/04\/autostrada_amazzonia.jpg 1500w\" sizes=\"(max-width: 1024px) 100vw, 1024px\" \/><figcaption class=\"wp-element-caption\">Tra\u00e7ado da Avenida Liberdade (Fonte: <a href=\"https:\/\/www.thetimes.com\/world\/latin-america\/article\/brazil-clears-eight-miles-of-amazon-rainforest-for-road-to-cop30-nb9vtp30k\" class=\"ek-link\">The Times<\/a>)<\/figcaption><\/figure>\n\n\n\n<p class=\"has-text-align-justify\">A resposta para tal indaga\u00e7\u00e3o parece muito clara: \u00e9 contra, levando em considera\u00e7\u00e3o as obras de prepara\u00e7\u00e3o para a chamada <a href=\"https:\/\/g1.globo.com\/pa\/para\/noticia\/2024\/05\/15\/sera-a-cop-da-floresta-diz-governador-helder-barbalho-durante-agenda-na-sede-da-onu-em-ny.ghtml\"><b>COP da floresta<\/b>.<\/a>&nbsp;<\/p>\n\n\n\n<p class=\"has-text-align-justify\">O que o Governador chama de&nbsp;<b><a href=\"https:\/\/noticias.uol.com.br\/opiniao\/coluna\/2024\/05\/13\/helder-barbalho-quanto-custa-a-destruicao-quanto-custa-o-fim.htm\">janela de oportunidade<\/a><\/b>, eu classifico de \u201c<i><a href=\"https:\/\/educacaoeterritorio.org.br\/arquivo\/rolnik-megaeventos-trazem-estado-de-excecao-as-cidades-brasileiras\/\" class=\"ek-link\"><strong>estado de exce\u00e7\u00e3o<\/strong><\/a><\/i>\u201d, parafraseando Raquel Rolnik<sup data-fn=\"cdd22081-777c-4ab2-a84c-5d419100cd9c\" class=\"fn\"><a href=\"#cdd22081-777c-4ab2-a84c-5d419100cd9c\" id=\"cdd22081-777c-4ab2-a84c-5d419100cd9c-link\">1<\/a><\/sup>, sobre a prepara\u00e7\u00e3o das cidades-sede para a Copa do Mundo em 2014, quando se viu a flexibiliza\u00e7\u00e3o dos processos licitat\u00f3rios legais para a implementa\u00e7\u00e3o e execu\u00e7\u00e3o das obras estruturantes para este megaevento. O que se v\u00ea em Bel\u00e9m guarda semelhan\u00e7a.<\/p>\n\n\n\n<p>Uma das obras, a Avenida Liberdade, expressa a prontid\u00e3o do Governo do Estado do Par\u00e1 para desmatar a \u00c1rea de Prote\u00e7\u00e3o Ambiental da Regi\u00e3o Metropolitana de Bel\u00e9m (APA Bel\u00e9m)<sup data-fn=\"f3d00285-9a85-4609-9349-f92ec9143b02\" class=\"fn\"><a href=\"#f3d00285-9a85-4609-9349-f92ec9143b02\" id=\"f3d00285-9a85-4609-9349-f92ec9143b02-link\">2<\/a><\/sup>, afetar o modo de vida do Quilombo do Abacatal e p\u00f4r em risco o <strong><a href=\"https:\/\/www.uol.com.br\/ecoa\/ultimas-noticias\/2025\/04\/04\/obras-em-belem-atravessam-areas-de-conservacao-e-ameacam-especies.htm\" class=\"ek-link\">equil\u00edbrio ecossist\u00eamico deste territ\u00f3rio<\/a>.<\/strong>&nbsp;<\/p>\n\n\n\n<p class=\"has-text-align-justify\">A inser\u00e7\u00e3o da Avenida Liberdade no rol de obras de mobilidade da zona metropolitana, n\u00e3o passa de uma estrat\u00e9gia do Governo do Estado para acelerar a execu\u00e7\u00e3o de um projeto que se arrastava h\u00e1 mais de dez anos e agora \u00e9 revestido como &#8220;projeto sustent\u00e1vel&#8221;; que nas palavras dos secret\u00e1rio de obras do Estado &#8220;<a href=\"https:\/\/www.bbc.com\/portuguese\/articles\/cp8v44gdjr2o\" class=\"ek-link\"><strong>deixar\u00e1 um legado para a popula\u00e7\u00e3o e, mais importante, atender bem \u00e0s pessoas durante a COP30<\/strong><\/a>&#8220;.&nbsp;<\/p>\n\n\n\n<p class=\"has-text-align-justify\">O projeto da Rodovia Liberdade, como foi concebido em 2016, passou por pelo menos tr\u00eas altera\u00e7\u00f5es, para mitigar impactos ambientais e sociais, a fim de <strong><a href=\"https:\/\/seplad.pa.gov.br\/wp-content\/uploads\/2024\/11\/PUBLICACAO-DOE-13.11.2024-EDITAL-CHAMAMENTO-PUBLICO.pdf\" class=\"ek-link\">angariar financiamento<\/a> de R$ 350 milh\u00f5es <\/strong>para sua execu\u00e7\u00e3o. A Comunidade Quilombola do Abacatal acompanhou as tentativas de execu\u00e7\u00e3o do projeto, como no <a href=\"https:\/\/g1.globo.com\/pa\/para\/noticia\/2021\/07\/01\/quilombolas-protestam-contra-projeto-de-rodovia-que-vai-atravessar-area-de-populacao-tradicional-na-rmb.ghtml\" class=\"ek-link\"><strong>protesto realizado em 2021<\/strong><\/a>, quando se posicionou contra a constru\u00e7\u00e3o da Rodovia e demandava participa\u00e7\u00e3o popular nas discuss\u00f5es sobre a obra.<\/p>\n\n\n\n<p class=\"has-text-align-justify\">A COP30 \u00e9 a \u201cgrande oportunidade\u201d para a execu\u00e7\u00e3o de uma obra que contraria a l\u00f3gica da Confer\u00eancia: discutir medidas redu\u00e7\u00e3o de impactos ambientais para mitigar os efeitos das mudan\u00e7as clim\u00e1ticas. \u00c9 ainda, uma janela de conveni\u00eancia para apartar a opini\u00e3o p\u00fablica das discuss\u00f5es, fragmentar o ecossistema de uma \u00e1rea urbana ainda preservada e impactar socialmente a popula\u00e7\u00e3o tradicional que vive ao longo do tra\u00e7ado da via,&nbsp;<\/p>\n\n\n\n<p class=\"has-text-align-right\">Luiz Diego Lima dos Reis \u00e9 administrador, graduando em Geografia (UFPA)<\/p>\n\n\n<ol class=\"wp-block-footnotes\"><li id=\"cdd22081-777c-4ab2-a84c-5d419100cd9c\">Urbanista, professora da Faculdade de Arquitetura e Urbanismo da USP <a href=\"#cdd22081-777c-4ab2-a84c-5d419100cd9c-link\" aria-label=\"Ir para a refer\u00eancia 1 na nota de rodap\u00e9\">\u21a9\ufe0e<\/a><\/li><li id=\"f3d00285-9a85-4609-9349-f92ec9143b02\">Segundo o <a href=\"https:\/\/www.semas.pa.gov.br\/wp-content\/uploads\/2015\/10\/EIA-Vol-I.pdf\" class=\"ek-link\"><strong>Estudo de Impacto Ambiental<\/strong><\/a> ser\u00e3o desmatados 68 hectares, aproximadamente de <strong>70 campos de futebol<\/strong>  <a href=\"#f3d00285-9a85-4609-9349-f92ec9143b02-link\" aria-label=\"Ir para a refer\u00eancia 2 na nota de rodap\u00e9\">\u21a9\ufe0e<\/a><\/li><\/ol>","protected":false},"excerpt":{"rendered":"<p>A resposta para tal indaga\u00e7\u00e3o parece muito clara: \u00e9 contra, levando em considera\u00e7\u00e3o as obras de prepara\u00e7\u00e3o para a chamada COP da floresta.&nbsp; O que o Governador chama de&nbsp;janela de oportunidade, eu classifico de \u201cestado de exce\u00e7\u00e3o\u201d, parafraseando Raquel Rolnik, sobre a prepara\u00e7\u00e3o das cidades-sede para a Copa do Mundo em 2014, quando se viu [&hellip;]<\/p>\n","protected":false},"author":8,"featured_media":0,"comment_status":"open","ping_status":"open","sticky":false,"template":"","format":"standard","meta":{"_editorskit_title_hidden":false,"_editorskit_reading_time":0,"_editorskit_is_block_options_detached":false,"_editorskit_block_options_position":"{}","_uag_custom_page_level_css":"","site-sidebar-layout":"default","site-content-layout":"","ast-site-content-layout":"default","site-content-style":"default","site-sidebar-style":"default","ast-global-header-display":"","ast-banner-title-visibility":"","ast-main-header-display":"","ast-hfb-above-header-display":"","ast-hfb-below-header-display":"","ast-hfb-mobile-header-display":"","site-post-title":"","ast-breadcrumbs-content":"","ast-featured-img":"","footer-sml-layout":"","theme-transparent-header-meta":"","adv-header-id-meta":"","stick-header-meta":"","header-above-stick-meta":"","header-main-stick-meta":"","header-below-stick-meta":"","astra-migrate-meta-layouts":"set","ast-page-background-enabled":"default","ast-page-background-meta":{"desktop":{"background-color":"","background-image":"","background-repeat":"repeat","background-position":"center center","background-size":"auto","background-attachment":"scroll","background-type":"","background-media":"","overlay-type":"","overlay-color":"","overlay-opacity":"","overlay-gradient":""},"tablet":{"background-color":"","background-image":"","background-repeat":"repeat","background-position":"center center","background-size":"auto","background-attachment":"scroll","background-type":"","background-media":"","overlay-type":"","overlay-color":"","overlay-opacity":"","overlay-gradient":""},"mobile":{"background-color":"","background-image":"","background-repeat":"repeat","background-position":"center center","background-size":"auto","background-attachment":"scroll","background-type":"","background-media":"","overlay-type":"","overlay-color":"","overlay-opacity":"","overlay-gradient":""}},"ast-content-background-meta":{"desktop":{"background-color":"var(--ast-global-color-5)","background-image":"","background-repeat":"repeat","background-position":"center center","background-size":"auto","background-attachment":"scroll","background-type":"","background-media":"","overlay-type":"","overlay-color":"","overlay-opacity":"","overlay-gradient":""},"tablet":{"background-color":"var(--ast-global-color-5)","background-image":"","background-repeat":"repeat","background-position":"center center","background-size":"auto","background-attachment":"scroll","background-type":"","background-media":"","overlay-type":"","overlay-color":"","overlay-opacity":"","overlay-gradient":""},"mobile":{"background-color":"var(--ast-global-color-5)","background-image":"","background-repeat":"repeat","background-position":"center center","background-size":"auto","background-attachment":"scroll","background-type":"","background-media":"","overlay-type":"","overlay-color":"","overlay-opacity":"","overlay-gradient":""}},"footnotes":"[{\"content\":\"Urbanista, professora da Faculdade de Arquitetura e Urbanismo da USP\",\"id\":\"cdd22081-777c-4ab2-a84c-5d419100cd9c\"},{\"content\":\"Segundo o <a href=\\\"https:\/\/www.semas.pa.gov.br\/wp-content\/uploads\/2015\/10\/EIA-Vol-I.pdf\\\" class=\\\"ek-link\\\"><strong>Estudo de Impacto Ambiental<\/strong><\/a> ser\u00e3o desmatados 68 hectares, aproximadamente de <strong>70 campos de futebol<\/strong> \",\"id\":\"f3d00285-9a85-4609-9349-f92ec9143b02\"}]"},"categories":[131],"tags":[],"class_list":["post-3434","post","type-post","status-publish","format-standard","hentry","category-editorial-gpu"],"jetpack_featured_media_url":"","uagb_featured_image_src":{"full":false,"thumbnail":false,"medium":false,"medium_large":false,"large":false,"1536x1536":false,"2048x2048":false},"uagb_author_info":{"display_name":"Diego Lima","author_link":"https:\/\/ogpa.com.br\/index.php\/author\/diego-lima\/"},"uagb_comment_info":4,"uagb_excerpt":"A resposta para tal indaga\u00e7\u00e3o parece muito clara: \u00e9 contra, levando em considera\u00e7\u00e3o as obras de prepara\u00e7\u00e3o para a chamada COP da floresta.&nbsp; O que o Governador chama de&nbsp;janela de oportunidade, eu classifico de \u201cestado de exce\u00e7\u00e3o\u201d, parafraseando Raquel Rolnik, sobre a prepara\u00e7\u00e3o das cidades-sede para a Copa do Mundo em 2014, quando se viu&hellip;","jetpack-related-posts":[{"id":3398,"url":"https:\/\/ogpa.com.br\/index.php\/2025\/03\/30\/cop-30-em-belem-e-o-racismo-ambiental-na-vila-da-barca\/","url_meta":{"origin":3434,"position":0},"title":"COP 30 em Bel\u00e9m e o Racismo Ambiental na Vila da Barca &#8211; Arlan Seabra","author":"Arlan Seabra","date":"mar\u00e7o 30, 2025","format":false,"excerpt":"Vila da Barca, ao fundo bairro do Umarizal (fonte:@viladabarca) Achille Mbembe1 destaca que a categoria ra\u00e7a foi respons\u00e1vel por cat\u00e1strofes hist\u00f3ricas, \"devasta\u00e7\u00f5es ps\u00edquicas assombrosas e incalcul\u00e1veis crimes e massacres\". Esse legado n\u00e3o desapareceu. Em um \"imperialismo da desorganiza\u00e7\u00e3o\" fabrica desastres e naturaliza a exce\u00e7\u00e3o. Sob o v\u00e9u de um \"racismo\u2026","rel":"","context":"Em &quot;Editorial GPU&quot;","block_context":{"text":"Editorial GPU","link":"https:\/\/ogpa.com.br\/index.php\/category\/editorial-gpu\/"},"img":{"alt_text":"","src":"https:\/\/i0.wp.com\/ogpa.com.br\/wp-content\/uploads\/2025\/03\/r-1.jpg?resize=350%2C200&ssl=1","width":350,"height":200},"classes":[]},{"id":798,"url":"https:\/\/ogpa.com.br\/index.php\/2023\/07\/31\/contradicoes-da-cop-30-entre-o-discurso-global-e-as-realidades-amazonicas\/","url_meta":{"origin":3434,"position":1},"title":"Contradi\u00e7\u00f5es da COP 30: entre o discurso global e as realidades amaz\u00f4nicas.","author":"ogpa","date":"julho 31, 2023","format":false,"excerpt":"A organiza\u00e7\u00e3o do mundo capitalista possui uma divis\u00e3o internacional do trabalho. No caso brasileiro, essa divis\u00e3o do trabalho se imp\u00f5e na forma de um Estado nacional baseado na produ\u00e7\u00e3o de commodities, na industrializa\u00e7\u00e3o tardia e urbaniza\u00e7\u00e3o desigual, causadores de degrada\u00e7\u00e3o socioambiental. E agora as autoridades supranacionais e interinstitucionais, pilares dessa\u2026","rel":"","context":"Em &quot;Opini\u00e3o&quot;","block_context":{"text":"Opini\u00e3o","link":"https:\/\/ogpa.com.br\/index.php\/category\/opiniao\/"},"img":{"alt_text":"","src":"https:\/\/i0.wp.com\/ogpa.com.br\/wp-content\/uploads\/2023\/07\/WhatsApp-Image-2023-07-31-at-15.56.53.jpeg?resize=350%2C200&ssl=1","width":350,"height":200,"srcset":"https:\/\/i0.wp.com\/ogpa.com.br\/wp-content\/uploads\/2023\/07\/WhatsApp-Image-2023-07-31-at-15.56.53.jpeg?resize=350%2C200&ssl=1 1x, https:\/\/i0.wp.com\/ogpa.com.br\/wp-content\/uploads\/2023\/07\/WhatsApp-Image-2023-07-31-at-15.56.53.jpeg?resize=525%2C300&ssl=1 1.5x, https:\/\/i0.wp.com\/ogpa.com.br\/wp-content\/uploads\/2023\/07\/WhatsApp-Image-2023-07-31-at-15.56.53.jpeg?resize=700%2C400&ssl=1 2x, https:\/\/i0.wp.com\/ogpa.com.br\/wp-content\/uploads\/2023\/07\/WhatsApp-Image-2023-07-31-at-15.56.53.jpeg?resize=1050%2C600&ssl=1 3x"},"classes":[]},{"id":3752,"url":"https:\/\/ogpa.com.br\/index.php\/2025\/11\/28\/licenciamento-ambiental-entre-o-discurso-da-modernizacao-e-os-riscos-de-retrocesso\/","url_meta":{"origin":3434,"position":2},"title":"Licenciamento Ambiental: entre o discurso da moderniza\u00e7\u00e3o e os riscos de retrocesso &#8211; J\u00e9ssica Ara\u00fajo","author":"Jessica Soure","date":"novembro 28, 2025","format":false,"excerpt":"Vota\u00e7\u00e3o da derrubada dos vetos presidenciais \u00e0 Lei Geral de Licenciamento Ambiental (Fonte: Ag\u00eancia Senado) A aprova\u00e7\u00e3o da Lei Geral do Licenciamento Ambiental foi celebrada como marco de governan\u00e7a, prometendo simplifica\u00e7\u00e3o e seguran\u00e7a jur\u00eddica para empreendedores. Todavia, ao ser analisada segundo a Constitui\u00e7\u00e3o Federal, os compromissos internacionais assumidos pelo Brasil\u2026","rel":"","context":"Em &quot;Licenciamento Ambiental&quot;","block_context":{"text":"Licenciamento Ambiental","link":"https:\/\/ogpa.com.br\/index.php\/category\/licenciamento-ambiental\/"},"img":{"alt_text":"","src":"https:\/\/i0.wp.com\/ogpa.com.br\/wp-content\/uploads\/2025\/11\/imagem_materia-1.jpg?resize=350%2C200&ssl=1","width":350,"height":200,"srcset":"https:\/\/i0.wp.com\/ogpa.com.br\/wp-content\/uploads\/2025\/11\/imagem_materia-1.jpg?resize=350%2C200&ssl=1 1x, https:\/\/i0.wp.com\/ogpa.com.br\/wp-content\/uploads\/2025\/11\/imagem_materia-1.jpg?resize=525%2C300&ssl=1 1.5x, https:\/\/i0.wp.com\/ogpa.com.br\/wp-content\/uploads\/2025\/11\/imagem_materia-1.jpg?resize=700%2C400&ssl=1 2x"},"classes":[]},{"id":3813,"url":"https:\/\/ogpa.com.br\/index.php\/2026\/01\/22\/parque-ariri-uma-alternativa-no-meio-urbano\/","url_meta":{"origin":3434,"position":3},"title":"Parque Ariri, uma alternativa no meio urbano","author":"ogpa","date":"janeiro 22, 2026","format":false,"excerpt":"Rio Ariri separando os munic\u00edpios de Bel\u00e9m e Ananindeua Os grandes projetos urbanos v\u00e3o al\u00e9m de sua dimens\u00e3o f\u00edsica, do investimento envolvido ou da complexidade t\u00e9cnica que carregam. Eles produzem um espa\u00e7o urbano muito particular, caracterizado pela concentra\u00e7\u00e3o das decis\u00f5es, pela apropria\u00e7\u00e3o do territ\u00f3rio e pela distribui\u00e7\u00e3o desigual de danos\u2026","rel":"","context":"Em &quot;Editorial OGPA&quot;","block_context":{"text":"Editorial OGPA","link":"https:\/\/ogpa.com.br\/index.php\/category\/editorial-ogpa\/"},"img":{"alt_text":"","src":"https:\/\/i0.wp.com\/ogpa.com.br\/wp-content\/uploads\/2026\/01\/123.jpg?resize=350%2C200&ssl=1","width":350,"height":200,"srcset":"https:\/\/i0.wp.com\/ogpa.com.br\/wp-content\/uploads\/2026\/01\/123.jpg?resize=350%2C200&ssl=1 1x, https:\/\/i0.wp.com\/ogpa.com.br\/wp-content\/uploads\/2026\/01\/123.jpg?resize=525%2C300&ssl=1 1.5x, https:\/\/i0.wp.com\/ogpa.com.br\/wp-content\/uploads\/2026\/01\/123.jpg?resize=700%2C400&ssl=1 2x"},"classes":[]}],"_links":{"self":[{"href":"https:\/\/ogpa.com.br\/index.php\/wp-json\/wp\/v2\/posts\/3434","targetHints":{"allow":["GET"]}}],"collection":[{"href":"https:\/\/ogpa.com.br\/index.php\/wp-json\/wp\/v2\/posts"}],"about":[{"href":"https:\/\/ogpa.com.br\/index.php\/wp-json\/wp\/v2\/types\/post"}],"author":[{"embeddable":true,"href":"https:\/\/ogpa.com.br\/index.php\/wp-json\/wp\/v2\/users\/8"}],"replies":[{"embeddable":true,"href":"https:\/\/ogpa.com.br\/index.php\/wp-json\/wp\/v2\/comments?post=3434"}],"version-history":[{"count":8,"href":"https:\/\/ogpa.com.br\/index.php\/wp-json\/wp\/v2\/posts\/3434\/revisions"}],"predecessor-version":[{"id":3448,"href":"https:\/\/ogpa.com.br\/index.php\/wp-json\/wp\/v2\/posts\/3434\/revisions\/3448"}],"wp:attachment":[{"href":"https:\/\/ogpa.com.br\/index.php\/wp-json\/wp\/v2\/media?parent=3434"}],"wp:term":[{"taxonomy":"category","embeddable":true,"href":"https:\/\/ogpa.com.br\/index.php\/wp-json\/wp\/v2\/categories?post=3434"},{"taxonomy":"post_tag","embeddable":true,"href":"https:\/\/ogpa.com.br\/index.php\/wp-json\/wp\/v2\/tags?post=3434"}],"curies":[{"name":"wp","href":"https:\/\/api.w.org\/{rel}","templated":true}]}}