{"id":3588,"date":"2025-05-23T15:06:04","date_gmt":"2025-05-23T15:06:04","guid":{"rendered":"https:\/\/ogpa.com.br\/?p=3588"},"modified":"2025-05-24T17:11:03","modified_gmt":"2025-05-24T17:11:03","slug":"uma-decada-de-pesquisa-sobre-grandes-projetos-na-amazonia-avancos-obstaculos-e-perspectivas-andre-farias","status":"publish","type":"post","link":"https:\/\/ogpa.com.br\/index.php\/2025\/05\/23\/uma-decada-de-pesquisa-sobre-grandes-projetos-na-amazonia-avancos-obstaculos-e-perspectivas-andre-farias\/","title":{"rendered":"Uma d\u00e9cada de pesquisa sobre Grandes Projetos na Amaz\u00f4nia: avan\u00e7os, obst\u00e1culos e perspectivas &#8211; Andr\u00e9 Farias"},"content":{"rendered":"\n<figure class=\"wp-block-image aligncenter size-full is-resized\"><img fetchpriority=\"high\" decoding=\"async\" width=\"499\" height=\"449\" src=\"https:\/\/ogpa.com.br\/wp-content\/uploads\/2025\/04\/111-removebg-preview.png\" alt=\"\" class=\"wp-image-3462\" style=\"width:370px;height:auto\" srcset=\"https:\/\/ogpa.com.br\/wp-content\/uploads\/2025\/04\/111-removebg-preview.png 499w, https:\/\/ogpa.com.br\/wp-content\/uploads\/2025\/04\/111-removebg-preview-300x270.png 300w\" sizes=\"(max-width: 499px) 100vw, 499px\" \/><\/figure>\n\n\n\n<hr class=\"wp-block-separator has-alpha-channel-opacity\"\/>\n\n\n\n<p class=\"has-text-align-justify\">Com a participa\u00e7\u00e3o de docentes e discentes, o Grupo de Pesquisa Grandes Projetos na Amaz\u00f4nia (GPA) tem mantido, desde sua cria\u00e7\u00e3o, contato permanente com diversos grupos e movimentos sociais para a constru\u00e7\u00e3o de uma agenda de pesquisa desafiadora.<\/p>\n\n\n\n<p class=\"has-text-align-justify\">Na Amaz\u00f4nia, novos projetos se acumulam sobre projetos hist\u00f3ricos de degrada\u00e7\u00e3o ambiental. Explora\u00e7\u00e3o petrol\u00edfera, promessas de bioeconomia e mercados de carbono se mesclam com rodovias, hidrel\u00e9tricas, complexos industriais, portu\u00e1rios e ferrovi\u00e1rios. Acrescente-se nesta conjuntura desastrosa o caos, a viol\u00eancia e o adoecimento urbano.<\/p>\n\n\n\n<p class=\"has-text-align-justify\">A pesquisa cient\u00edfica \u00e9 fundamental para compreender a ess\u00eancia, a estrutura como as rela\u00e7\u00f5es de produ\u00e7\u00e3o econ\u00f4mica, conflitos sociais e at\u00e9 mesmo vis\u00f5es de mundo sobre o que \u00e9 natureza e meio ambiente. Um grupo voltado para a pesquisa de grandes projetos existe para compreender suas causas, suas origens hist\u00f3rico-estruturais, desvelar suas conex\u00f5es de poder, suas consequ\u00eancias na natureza e nos seres humanos em pleno s\u00e9culo 21.<\/p>\n\n\n\n<p class=\"has-text-align-justify\">A problem\u00e1tica dos Grandes Projetos na Amaz\u00f4nia continua atual. A sua escolha como objeto de estudo continua relevante devido a sua incomensur\u00e1vel for\u00e7a de degrada\u00e7\u00e3o ambiental. Mas o que ainda n\u00e3o foi dito sobre esses megaempreendimentos? Como se desenvolvem os atuais danos, riscos e conflitos socioambientais provocados pelos GPA?<\/p>\n\n\n\n<p class=\"has-text-align-justify\">A cria\u00e7\u00e3o e manuten\u00e7\u00e3o de um grupo de pesquisa que trate tal tema, num territ\u00f3rio como a Amaz\u00f4nia, \u00e9 um desafio em si mesmo. Quando somados aos problemas de financiamento da pesquisa cient\u00edfica no Brasil e na Amaz\u00f4nia a tarefa se torna mais herc\u00falea.&nbsp;<\/p>\n\n\n\n<p class=\"has-text-align-justify\">Os avan\u00e7os hist\u00f3ricos na pesquisa cient\u00edfica sobre os Grandes Projetos na Amaz\u00f4nia acompanham a elabora\u00e7\u00e3o e instala\u00e7\u00e3o de grandes empreendimentos neste territ\u00f3rio. Desde meados do s\u00e9culo 20 v\u00e1rios intelectuais se dedicaram ao tema, como: Milton Santos, Edna Castro, Jean Hebette, Francisco de Assis Costa, Gilberto Rocha, Alfredo Wagner, Philip Fearnside, Maria C\u00e9lia Nunes Coelho.<\/p>\n\n\n\n<p class=\"has-text-align-justify\">Seguimos essa trilha te\u00f3rica, atualizando a pesquisa e o debate sobre o tema. Avan\u00e7amos com a perspectiva interdisciplinar, aplicando a Ecologia Pol\u00edtica e dando visibilidade aos danos, riscos e conflitos socioambientais produzidos pelos projetos. Debates, publica\u00e7\u00f5es e eventos cient\u00edficos com a participa\u00e7\u00e3o de discentes, docentes e movimentos sociais articulam a\u00e7\u00f5es de ensino, extens\u00e3o e divulga\u00e7\u00e3o cient\u00edfica, como no canal de v\u00eddeos Amaz\u00f4nia em Quest\u00e3o, no site Observat\u00f3rio de Grandes Projetos na Amaz\u00f4nia e na forma\u00e7\u00e3o de jovens educadores ambientais (JEAM).<\/p>\n\n\n\n<p class=\"has-text-align-justify\">Novas agendas de pesquisa ou atividades envolvem uma leitura cr\u00edtica&nbsp; das grandes obras do Novo PAC, como a Ferrogr\u00e3o; a hidrovia Araguaia-Tocantins; a explora\u00e7\u00e3o de petr\u00f3leo na Foz do Amazonas; os grandes projetos urbanos no \u00e2mbito da prepara\u00e7\u00e3o de Bel\u00e9m para a COP 30.&nbsp;<\/p>\n\n\n\n<p class=\"has-text-align-justify\">Essa nova agenda de pesquisa tamb\u00e9m exige:<\/p>\n\n\n\n<ol class=\"wp-block-list\">\n<li>Fortalecimento dos la\u00e7os criados com os movimentos sociais, grupos de despossu\u00eddos e&nbsp; atingidos pelos grandes projetos, ouvindo-os sobre os temas de pesquisas e possibilidade de constru\u00e7\u00e3o coletiva de produtos t\u00e9cnico-cient\u00edficos;<\/li>\n<\/ol>\n\n\n\n<ol class=\"wp-block-list\" start=\"2\">\n<li>Articula\u00e7\u00e3o de uma rede de pesquisadores e pesquisadoras, na Amaz\u00f4nia e Pan-Amaz\u00f4nia, em torno do objeto cient\u00edfico dos grandes projetos, mas que atue no campo cr\u00edtico do pensamento e a\u00e7\u00e3o;<\/li>\n<\/ol>\n\n\n\n<ol class=\"wp-block-list\" start=\"3\">\n<li>Financiamento das pesquisas, respeitando a autonomia do fazer cient\u00edfico;<\/li>\n<\/ol>\n\n\n\n<ol class=\"wp-block-list\" start=\"4\">\n<li>An\u00e1lise dos novos grandes empreendimentos em implanta\u00e7\u00e3o e planejados para a Amaz\u00f4nia, particularmente para a Amaz\u00f4nia paraense;<\/li>\n<\/ol>\n\n\n\n<ol class=\"wp-block-list\" start=\"5\">\n<li>An\u00e1lise de novas tem\u00e1ticas sobre grandes projetos, como a forma como a m\u00eddia trata os danos e riscos socioambientais; a invisibilidade dos conflitos socioambientais; o racismo ambiental; as mudan\u00e7as clim\u00e1ticas; a sa\u00fade ambiental.<\/li>\n<\/ol>\n\n\n\n<ol class=\"wp-block-list\" start=\"6\">\n<li>Espa\u00e7os formativos e de debates para estimular a internaliza\u00e7\u00e3o dos conhecimentos e novas possibilidades de pesquisa;<\/li>\n<\/ol>\n\n\n\n<ol class=\"wp-block-list\" start=\"7\">\n<li>Produ\u00e7\u00e3o cient\u00edfica em forma de livros, artigos; participa\u00e7\u00e3o em eventos de comunica\u00e7\u00e3o cient\u00edfica e divulga\u00e7\u00e3o do conhecimento t\u00e9cnico de forma acess\u00edvel e inclusiva.<\/li>\n<\/ol>\n\n\n\n<p class=\"has-text-align-justify\">A Amaz\u00f4nia ocupa o centro das reflex\u00f5es da epistemologia ambiental pela contribui\u00e7\u00e3o inovadora de autores ind\u00edgenas, a exemplo de Krenak<sup data-fn=\"26c98a45-34b0-4496-9592-22907c77a3cb\" class=\"fn\"><a href=\"#26c98a45-34b0-4496-9592-22907c77a3cb\" id=\"26c98a45-34b0-4496-9592-22907c77a3cb-link\">1<\/a><\/sup> e Kopenawa<sup data-fn=\"d104dd4b-f5f0-43c7-9177-2c9d8b56ae76\" class=\"fn\"><a href=\"#d104dd4b-f5f0-43c7-9177-2c9d8b56ae76\" id=\"d104dd4b-f5f0-43c7-9177-2c9d8b56ae76-link\">2<\/a><\/sup>. N\u00e3o \u00e0 toa a COP 30 ser\u00e1 realizada em Bel\u00e9m em novembro de 2025. Entretanto ainda se faz necess\u00e1rio reconstruir uma \u201cepistemologia ambiental regional\u201d, com autores e autoras dedicados a elaborar e buscar caminhos no emaranhado de cip\u00f3s do conhecimento sobre o meio ambiente. Como grupo de pesquisa, buscamos simplesmente colaborar com o campo cient\u00edfico e (re)conect\u00e1-lo com outros campos do saber.<\/p>\n\n\n\n<p class=\"has-text-align-justify\">Coloca-se o convite para se embarcar numa jornada intelectual, desvendando as intrincadas trilhas da teoria ambiental, guiados pelo norte da Ecologia Pol\u00edtica, com Gaston Bachelard, Enrique Leff, Henri Acselrad e Martinez-Alier, abrindo caminhos para os desafios cient\u00edficos e ecol\u00f3gicos da realidade global at\u00e9 territ\u00f3rios estrat\u00e9gicos como a Amaz\u00f4nia.<\/p>\n\n\n\n<p class=\"has-text-align-justify\">Temos muito a comemorar, mesmo sabendo que ainda h\u00e1 muito o que fazer. A utopia de um outro mundo poss\u00edvel, deve come\u00e7ar pelo sonho e realiza\u00e7\u00e3o de uma outra Amaz\u00f4nia. Que continuemos estimulando nossos discentes a perseverar no caminho da pesquisa cient\u00edfica<\/p>\n\n\n\n<p class=\"has-text-align-right\">Andr\u00e9 Farias \u00e9 soci\u00f3logo, l\u00edder do Grupo de Pesquisa Grandes Projetos na Amaz\u00f4nia<\/p>\n\n\n\n<hr class=\"wp-block-separator has-alpha-channel-opacity\"\/>\n\n\n<ol class=\"wp-block-footnotes\"><li id=\"26c98a45-34b0-4496-9592-22907c77a3cb\"><em>Cf. <\/em>Ideias para adiar o fim do mundo de A\u00edlton Krenak, Cia. das Letras, 2020. <a href=\"#26c98a45-34b0-4496-9592-22907c77a3cb-link\" aria-label=\"Ir para a refer\u00eancia 1 na nota de rodap\u00e9\">\u21a9\ufe0e<\/a><\/li><li id=\"d104dd4b-f5f0-43c7-9177-2c9d8b56ae76\"><em>Cf. O esp\u00edrito da floresta<\/em> de Davi Kopenawa, Cia. das Letras, 2023. <a href=\"#d104dd4b-f5f0-43c7-9177-2c9d8b56ae76-link\" aria-label=\"Ir para a refer\u00eancia 2 na nota de rodap\u00e9\">\u21a9\ufe0e<\/a><\/li><\/ol>","protected":false},"excerpt":{"rendered":"<p>Com a participa\u00e7\u00e3o de docentes e discentes, o Grupo de Pesquisa Grandes Projetos na Amaz\u00f4nia (GPA) tem mantido, desde sua cria\u00e7\u00e3o, contato permanente com diversos grupos e movimentos sociais para a constru\u00e7\u00e3o de uma agenda de pesquisa desafiadora. Na Amaz\u00f4nia, novos projetos se acumulam sobre projetos hist\u00f3ricos de degrada\u00e7\u00e3o ambiental. Explora\u00e7\u00e3o petrol\u00edfera, promessas de bioeconomia [&hellip;]<\/p>\n","protected":false},"author":11,"featured_media":0,"comment_status":"open","ping_status":"open","sticky":false,"template":"","format":"standard","meta":{"_editorskit_title_hidden":false,"_editorskit_reading_time":0,"_editorskit_is_block_options_detached":false,"_editorskit_block_options_position":"{}","_uag_custom_page_level_css":"","site-sidebar-layout":"default","site-content-layout":"","ast-site-content-layout":"default","site-content-style":"default","site-sidebar-style":"default","ast-global-header-display":"","ast-banner-title-visibility":"","ast-main-header-display":"","ast-hfb-above-header-display":"","ast-hfb-below-header-display":"","ast-hfb-mobile-header-display":"","site-post-title":"","ast-breadcrumbs-content":"","ast-featured-img":"","footer-sml-layout":"","theme-transparent-header-meta":"","adv-header-id-meta":"","stick-header-meta":"","header-above-stick-meta":"","header-main-stick-meta":"","header-below-stick-meta":"","astra-migrate-meta-layouts":"set","ast-page-background-enabled":"default","ast-page-background-meta":{"desktop":{"background-color":"","background-image":"","background-repeat":"repeat","background-position":"center center","background-size":"auto","background-attachment":"scroll","background-type":"","background-media":"","overlay-type":"","overlay-color":"","overlay-opacity":"","overlay-gradient":""},"tablet":{"background-color":"","background-image":"","background-repeat":"repeat","background-position":"center center","background-size":"auto","background-attachment":"scroll","background-type":"","background-media":"","overlay-type":"","overlay-color":"","overlay-opacity":"","overlay-gradient":""},"mobile":{"background-color":"","background-image":"","background-repeat":"repeat","background-position":"center center","background-size":"auto","background-attachment":"scroll","background-type":"","background-media":"","overlay-type":"","overlay-color":"","overlay-opacity":"","overlay-gradient":""}},"ast-content-background-meta":{"desktop":{"background-color":"var(--ast-global-color-5)","background-image":"","background-repeat":"repeat","background-position":"center center","background-size":"auto","background-attachment":"scroll","background-type":"","background-media":"","overlay-type":"","overlay-color":"","overlay-opacity":"","overlay-gradient":""},"tablet":{"background-color":"var(--ast-global-color-5)","background-image":"","background-repeat":"repeat","background-position":"center center","background-size":"auto","background-attachment":"scroll","background-type":"","background-media":"","overlay-type":"","overlay-color":"","overlay-opacity":"","overlay-gradient":""},"mobile":{"background-color":"var(--ast-global-color-5)","background-image":"","background-repeat":"repeat","background-position":"center center","background-size":"auto","background-attachment":"scroll","background-type":"","background-media":"","overlay-type":"","overlay-color":"","overlay-opacity":"","overlay-gradient":""}},"footnotes":"[{\"content\":\"<em>Cf. <\/em>Ideias para adiar o fim do mundo de A\u00edlton Krenak, Cia. das Letras, 2020.\",\"id\":\"26c98a45-34b0-4496-9592-22907c77a3cb\"},{\"content\":\"<em>Cf. O esp\u00edrito da floresta<\/em> de Davi Kopenawa, Cia. das Letras, 2023.\",\"id\":\"d104dd4b-f5f0-43c7-9177-2c9d8b56ae76\"}]"},"categories":[34],"tags":[],"class_list":["post-3588","post","type-post","status-publish","format-standard","hentry","category-opiniao"],"jetpack_featured_media_url":"","uagb_featured_image_src":{"full":false,"thumbnail":false,"medium":false,"medium_large":false,"large":false,"1536x1536":false,"2048x2048":false},"uagb_author_info":{"display_name":"andre farias","author_link":"https:\/\/ogpa.com.br\/index.php\/author\/andre-farias\/"},"uagb_comment_info":0,"uagb_excerpt":"Com a participa\u00e7\u00e3o de docentes e discentes, o Grupo de Pesquisa Grandes Projetos na Amaz\u00f4nia (GPA) tem mantido, desde sua cria\u00e7\u00e3o, contato permanente com diversos grupos e movimentos sociais para a constru\u00e7\u00e3o de uma agenda de pesquisa desafiadora. Na Amaz\u00f4nia, novos projetos se acumulam sobre projetos hist\u00f3ricos de degrada\u00e7\u00e3o ambiental. Explora\u00e7\u00e3o petrol\u00edfera, promessas de bioeconomia&hellip;","jetpack-related-posts":[{"id":798,"url":"https:\/\/ogpa.com.br\/index.php\/2023\/07\/31\/contradicoes-da-cop-30-entre-o-discurso-global-e-as-realidades-amazonicas\/","url_meta":{"origin":3588,"position":0},"title":"Contradi\u00e7\u00f5es da COP 30: entre o discurso global e as realidades amaz\u00f4nicas.","author":"ogpa","date":"julho 31, 2023","format":false,"excerpt":"A organiza\u00e7\u00e3o do mundo capitalista possui uma divis\u00e3o internacional do trabalho. No caso brasileiro, essa divis\u00e3o do trabalho se imp\u00f5e na forma de um Estado nacional baseado na produ\u00e7\u00e3o de commodities, na industrializa\u00e7\u00e3o tardia e urbaniza\u00e7\u00e3o desigual, causadores de degrada\u00e7\u00e3o socioambiental. E agora as autoridades supranacionais e interinstitucionais, pilares dessa\u2026","rel":"","context":"Em &quot;Opini\u00e3o&quot;","block_context":{"text":"Opini\u00e3o","link":"https:\/\/ogpa.com.br\/index.php\/category\/opiniao\/"},"img":{"alt_text":"","src":"https:\/\/i0.wp.com\/ogpa.com.br\/wp-content\/uploads\/2023\/07\/WhatsApp-Image-2023-07-31-at-15.56.53.jpeg?resize=350%2C200&ssl=1","width":350,"height":200,"srcset":"https:\/\/i0.wp.com\/ogpa.com.br\/wp-content\/uploads\/2023\/07\/WhatsApp-Image-2023-07-31-at-15.56.53.jpeg?resize=350%2C200&ssl=1 1x, https:\/\/i0.wp.com\/ogpa.com.br\/wp-content\/uploads\/2023\/07\/WhatsApp-Image-2023-07-31-at-15.56.53.jpeg?resize=525%2C300&ssl=1 1.5x, https:\/\/i0.wp.com\/ogpa.com.br\/wp-content\/uploads\/2023\/07\/WhatsApp-Image-2023-07-31-at-15.56.53.jpeg?resize=700%2C400&ssl=1 2x, https:\/\/i0.wp.com\/ogpa.com.br\/wp-content\/uploads\/2023\/07\/WhatsApp-Image-2023-07-31-at-15.56.53.jpeg?resize=1050%2C600&ssl=1 3x"},"classes":[]},{"id":3884,"url":"https:\/\/ogpa.com.br\/index.php\/2026\/02\/05\/o-projeto-de-aterro-sanitario-no-acara-comentarios-de-andre-farias\/","url_meta":{"origin":3588,"position":1},"title":"O projeto de aterro sanit\u00e1rio no Acar\u00e1 &#8211; coment\u00e1rios de Andr\u00e9 Farias","author":"ogpa","date":"fevereiro 5, 2026","format":false,"excerpt":"Coment\u00e1rios do Prof. Andr\u00e9 Farias sobre o grande projeto de aterro sanit\u00e1rio localizado no munic\u00edpio do Acar\u00e1 (PA). Mat\u00e9ria 'Projeto de \u2018lix\u00e3o\u2019 na Grande Bel\u00e9m gera temor de contamina\u00e7\u00e3o de rios da Amaz\u00f4nia' do site Rep\u00f3rter Brasil.","rel":"","context":"Em &quot;Divulga\u00e7\u00e3o&quot;","block_context":{"text":"Divulga\u00e7\u00e3o","link":"https:\/\/ogpa.com.br\/index.php\/category\/divulgacao\/"},"img":{"alt_text":"","src":"https:\/\/i0.wp.com\/ogpa.com.br\/wp-content\/uploads\/2026\/02\/imagem_2026-02-05_111043279.png?resize=350%2C200&ssl=1","width":350,"height":200,"srcset":"https:\/\/i0.wp.com\/ogpa.com.br\/wp-content\/uploads\/2026\/02\/imagem_2026-02-05_111043279.png?resize=350%2C200&ssl=1 1x, https:\/\/i0.wp.com\/ogpa.com.br\/wp-content\/uploads\/2026\/02\/imagem_2026-02-05_111043279.png?resize=525%2C300&ssl=1 1.5x, https:\/\/i0.wp.com\/ogpa.com.br\/wp-content\/uploads\/2026\/02\/imagem_2026-02-05_111043279.png?resize=700%2C400&ssl=1 2x"},"classes":[]},{"id":3871,"url":"https:\/\/ogpa.com.br\/index.php\/2026\/01\/31\/nota-de-apoio-a-ocupacao-indigena-no-porto-da-cargill-e-em-defesa-dos-rios-amazonicos\/","url_meta":{"origin":3588,"position":2},"title":"Nota de apoio \u00e0 ocupa\u00e7\u00e3o ind\u00edgena no porto da Cargill e em defesa dos rios amaz\u00f4nicos","author":"ogpa","date":"janeiro 31, 2026","format":false,"excerpt":"Instala\u00e7\u00f5es da Cargill em Santar\u00e9m. Fonte: Conselho Ind\u00edgena Tapaj\u00f3s e Arapiuns O Grupo de Pesquisa Grandes Projetos na Amaz\u00f4nia manifesta seu integral apoio \u00e0 ocupa\u00e7\u00e3o ind\u00edgena no porto da Cargill, em Santar\u00e9m (PA), realizada por povos do Baixo Tapaj\u00f3s, comunidades ribeirinhas e movimentos sociais. A mobiliza\u00e7\u00e3o denuncia, com legitimidade, um\u2026","rel":"","context":"Em &quot;Editorial OGPA&quot;","block_context":{"text":"Editorial OGPA","link":"https:\/\/ogpa.com.br\/index.php\/category\/editorial-ogpa\/"},"img":{"alt_text":"","src":"https:\/\/i0.wp.com\/ogpa.com.br\/wp-content\/uploads\/2026\/01\/kevin_egonza_1769892666307.jpeg?resize=350%2C200&ssl=1","width":350,"height":200,"srcset":"https:\/\/i0.wp.com\/ogpa.com.br\/wp-content\/uploads\/2026\/01\/kevin_egonza_1769892666307.jpeg?resize=350%2C200&ssl=1 1x, https:\/\/i0.wp.com\/ogpa.com.br\/wp-content\/uploads\/2026\/01\/kevin_egonza_1769892666307.jpeg?resize=525%2C300&ssl=1 1.5x, https:\/\/i0.wp.com\/ogpa.com.br\/wp-content\/uploads\/2026\/01\/kevin_egonza_1769892666307.jpeg?resize=700%2C400&ssl=1 2x, https:\/\/i0.wp.com\/ogpa.com.br\/wp-content\/uploads\/2026\/01\/kevin_egonza_1769892666307.jpeg?resize=1050%2C600&ssl=1 3x"},"classes":[]},{"id":3450,"url":"https:\/\/ogpa.com.br\/index.php\/2025\/04\/09\/a-dramatica-situacao-da-arborizacao-em-belem-comentarios-de-andre-farias\/","url_meta":{"origin":3588,"position":3},"title":"A dram\u00e1tica situa\u00e7\u00e3o da arboriza\u00e7\u00e3o em Bel\u00e9m &#8211; coment\u00e1rios de Andr\u00e9 Farias","author":"ogpa","date":"abril 9, 2025","format":false,"excerpt":"Pseudo\u00e1rvore no novo parque linear da Doca (Fonte: Suma\u00fama) Coment\u00e1rios do Prof. Andr\u00e9 Farias, do Observat\u00f3rio dos Grandes Projetos na Amaz\u00f4nia, para a mat\u00e9ria do site Suma\u00fama sobre a arboriza\u00e7\u00e3o em Bel\u00e9m e as interven\u00e7\u00f5es do governo estadual, que tem trocado vegeta\u00e7\u00e3o nativa por arranjos de plantas.\u00a0","rel":"","context":"Em &quot;Divulga\u00e7\u00e3o&quot;","block_context":{"text":"Divulga\u00e7\u00e3o","link":"https:\/\/ogpa.com.br\/index.php\/category\/divulgacao\/"},"img":{"alt_text":"","src":"https:\/\/i0.wp.com\/ogpa.com.br\/wp-content\/uploads\/2025\/04\/3.jpg?resize=350%2C200&ssl=1","width":350,"height":200,"srcset":"https:\/\/i0.wp.com\/ogpa.com.br\/wp-content\/uploads\/2025\/04\/3.jpg?resize=350%2C200&ssl=1 1x, https:\/\/i0.wp.com\/ogpa.com.br\/wp-content\/uploads\/2025\/04\/3.jpg?resize=525%2C300&ssl=1 1.5x, https:\/\/i0.wp.com\/ogpa.com.br\/wp-content\/uploads\/2025\/04\/3.jpg?resize=700%2C400&ssl=1 2x, https:\/\/i0.wp.com\/ogpa.com.br\/wp-content\/uploads\/2025\/04\/3.jpg?resize=1050%2C600&ssl=1 3x"},"classes":[]},{"id":842,"url":"https:\/\/ogpa.com.br\/index.php\/2023\/11\/28\/prefeitura-de-belem-analisa-reativar-o-lixao-do-aura\/","url_meta":{"origin":3588,"position":4},"title":"Aterro sanit\u00e1rio de Marituba: fechamento ou prorroga\u00e7\u00e3o?","author":"ogpa","date":"novembro 28, 2023","format":false,"excerpt":"No final do presente m\u00eas de Novembro, o aterrro sanit\u00e1rio de Marituba ser\u00e1 fechado. Em funcionamento desde 2015, esse grande projeto urbano visava o cumprimento da Lei n\u00ba 12.305\/10, que institui a Pol\u00edtica Nacional de Res\u00edduos S\u00f3lidos (PNRS) e o fim dos lix\u00f5es. Contudo, devido a uma serie de irregularidades\u2026","rel":"","context":"Em &quot;Grande Projeto Urbano&quot;","block_context":{"text":"Grande Projeto Urbano","link":"https:\/\/ogpa.com.br\/index.php\/category\/grande-projeto-urbano\/"},"img":{"alt_text":"","src":"https:\/\/i0.wp.com\/ogpa.com.br\/wp-content\/uploads\/2024\/02\/87334_284054.jpg?resize=350%2C200&ssl=1","width":350,"height":200,"srcset":"https:\/\/i0.wp.com\/ogpa.com.br\/wp-content\/uploads\/2024\/02\/87334_284054.jpg?resize=350%2C200&ssl=1 1x, https:\/\/i0.wp.com\/ogpa.com.br\/wp-content\/uploads\/2024\/02\/87334_284054.jpg?resize=525%2C300&ssl=1 1.5x, https:\/\/i0.wp.com\/ogpa.com.br\/wp-content\/uploads\/2024\/02\/87334_284054.jpg?resize=700%2C400&ssl=1 2x"},"classes":[]},{"id":3535,"url":"https:\/\/ogpa.com.br\/index.php\/2025\/05\/16\/os-riscos-socioambientais-da-av-liberdade-comentarios-de-andre-farias\/","url_meta":{"origin":3588,"position":5},"title":"Os riscos socioambientais da Av. Liberdade &#8211; coment\u00e1rios de Andr\u00e9 Farias","author":"ogpa","date":"maio 16, 2025","format":false,"excerpt":"Coment\u00e1rios do Prof. Andr\u00e9 Farias, do Observat\u00f3rio dos Grandes Projetos na Amaz\u00f4nia, para a mat\u00e9ria \u201cOutrage in Brazil over Bel\u00e9m highway project\u201d da\u00a0revista EcoAmericas\u00a0sobre a avenida Liberdade.\u00a0","rel":"","context":"Em &quot;Divulga\u00e7\u00e3o&quot;","block_context":{"text":"Divulga\u00e7\u00e3o","link":"https:\/\/ogpa.com.br\/index.php\/category\/divulgacao\/"},"img":{"alt_text":"","src":"https:\/\/i0.wp.com\/ogpa.com.br\/wp-content\/uploads\/2025\/05\/34.jpg?resize=350%2C200&ssl=1","width":350,"height":200},"classes":[]}],"_links":{"self":[{"href":"https:\/\/ogpa.com.br\/index.php\/wp-json\/wp\/v2\/posts\/3588","targetHints":{"allow":["GET"]}}],"collection":[{"href":"https:\/\/ogpa.com.br\/index.php\/wp-json\/wp\/v2\/posts"}],"about":[{"href":"https:\/\/ogpa.com.br\/index.php\/wp-json\/wp\/v2\/types\/post"}],"author":[{"embeddable":true,"href":"https:\/\/ogpa.com.br\/index.php\/wp-json\/wp\/v2\/users\/11"}],"replies":[{"embeddable":true,"href":"https:\/\/ogpa.com.br\/index.php\/wp-json\/wp\/v2\/comments?post=3588"}],"version-history":[{"count":3,"href":"https:\/\/ogpa.com.br\/index.php\/wp-json\/wp\/v2\/posts\/3588\/revisions"}],"predecessor-version":[{"id":3598,"href":"https:\/\/ogpa.com.br\/index.php\/wp-json\/wp\/v2\/posts\/3588\/revisions\/3598"}],"wp:attachment":[{"href":"https:\/\/ogpa.com.br\/index.php\/wp-json\/wp\/v2\/media?parent=3588"}],"wp:term":[{"taxonomy":"category","embeddable":true,"href":"https:\/\/ogpa.com.br\/index.php\/wp-json\/wp\/v2\/categories?post=3588"},{"taxonomy":"post_tag","embeddable":true,"href":"https:\/\/ogpa.com.br\/index.php\/wp-json\/wp\/v2\/tags?post=3588"}],"curies":[{"name":"wp","href":"https:\/\/api.w.org\/{rel}","templated":true}]}}