{"id":3601,"date":"2025-05-29T20:12:05","date_gmt":"2025-05-29T20:12:05","guid":{"rendered":"https:\/\/ogpa.com.br\/?p=3601"},"modified":"2025-06-06T15:07:22","modified_gmt":"2025-06-06T15:07:22","slug":"marginalizacao-sob-promessas-de-sustentabilidade-gabriela-de-souza","status":"publish","type":"post","link":"https:\/\/ogpa.com.br\/index.php\/2025\/05\/29\/marginalizacao-sob-promessas-de-sustentabilidade-gabriela-de-souza\/","title":{"rendered":"Marginaliza\u00e7\u00e3o sob promessas de sustentabilidade &#8211; Gabriela de Souza"},"content":{"rendered":"\n<figure class=\"wp-block-image aligncenter size-large is-resized\"><img fetchpriority=\"high\" decoding=\"async\" width=\"1024\" height=\"843\" src=\"https:\/\/ogpa.com.br\/wp-content\/uploads\/2025\/05\/2-1024x843.jpg\" alt=\"\" class=\"wp-image-3605\" style=\"width:394px;height:auto\" srcset=\"https:\/\/ogpa.com.br\/wp-content\/uploads\/2025\/05\/2-1024x843.jpg 1024w, https:\/\/ogpa.com.br\/wp-content\/uploads\/2025\/05\/2-300x247.jpg 300w, https:\/\/ogpa.com.br\/wp-content\/uploads\/2025\/05\/2-768x633.jpg 768w, https:\/\/ogpa.com.br\/wp-content\/uploads\/2025\/05\/2.jpg 1117w\" sizes=\"(max-width: 1024px) 100vw, 1024px\" \/><figcaption class=\"wp-element-caption\">Ilha do Combu em imagem de sat\u00e9lite<\/figcaption><\/figure>\n\n\n\n<hr class=\"wp-block-separator has-alpha-channel-opacity\"\/>\n\n\n\n<p><\/p>\n\n\n\n<p class=\"has-text-align-justify\">A an\u00e1lise de not\u00edcias recentes sobre a Ilha do Combu, um dos cart\u00f5es-postais da regi\u00e3o e palco de eventos pr\u00e9-COP, revela uma disson\u00e2ncia preocupante entre a imagem de sustentabilidade projetada para o mundo e a realidade de abandono e injusti\u00e7a socioambiental vivida por suas popula\u00e7\u00f5es tradicionais. O discurso oficial de sustentabilidade, embora carregado de promessas de progresso, muitas vezes mascara din\u00e2micas de explora\u00e7\u00e3o dos recursos naturais e de marginaliza\u00e7\u00e3o das popula\u00e7\u00f5es perif\u00e9ricas<\/p>\n\n\n\n<p class=\"has-text-align-justify\">A visita dos presidentes Luiz In\u00e1cio Lula da Silva e Emmanuel Macron \u00e0 Ilha do Combu em mar\u00e7o de 2024, registrada em meio \u00e0 exuber\u00e2ncia natural, serviu para divulgar a riqueza amaz\u00f4nica e o potencial da bioeconomia local, como a produ\u00e7\u00e3o de chocolate artesanal de Dona Nena. No entanto, <strong><a href=\"https:\/\/uc.socioambiental.org\/pt-br\/noticia\/227415.\" class=\"ek-link\">como reportado pelo Instituto Socioambiental<\/a><\/strong>, essa imagem cuidadosamente constru\u00edda ocultou problemas estruturais graves que afligem as 480 fam\u00edlias residentes: a aus\u00eancia cr\u00f4nica de sistemas de \u00e1gua pot\u00e1vel e tratamento de esgoto. Moradores dependem da compra de \u00e1gua mineral ou, na falta de recursos, utilizam a \u00e1gua do rio Guam\u00e1, impr\u00f3pria para consumo. Iniciativas individuais not\u00e1veis, como o tanque de evapotranspira\u00e7\u00e3o de Dona Nena ou os biodigestores do restaurante Saldosa Maloca, s\u00e3o solu\u00e7\u00f5es pontuais que evidenciam a omiss\u00e3o do poder p\u00fablico em garantir direitos b\u00e1sicos.<\/p>\n\n\n\n<p class=\"has-text-align-justify\">Na pr\u00e1tica a realiza\u00e7\u00e3o de obras preparat\u00f3rias \u00e0 COP 30 tem aprofundado processos de racismo ambiental e marginaliza\u00e7\u00e3o das periferias. Um exemplo emblem\u00e1tico \u00e9 o <strong><a href=\"https:\/\/ogpa.com.br\/index.php\/2025\/03\/30\/cop-30-em-belem-e-o-racismo-ambiental-na-vila-da-barca\/\" class=\"ek-link\">despejo de dejetos do bairro da Doca na comunidade da Vila da Barca<\/a><\/strong>, revelando um padr\u00e3o de gest\u00e3o urbana excludente. A situa\u00e7\u00e3o \u00e9 agravada por um turismo crescente e desordenado, que traz consigo polui\u00e7\u00e3o sonora, h\u00eddrica e ac\u00famulo de lixo, impactando o fr\u00e1gil ecossistema local e a qualidade de vida dos moradores, como alertado na mesma <a href=\"https:\/\/uc.socioambiental.org\/pt-br\/noticia\/227415\" class=\"ek-link\"><strong>reportagem<\/strong>.<\/a>&nbsp; A fala de Dona Nena \u00e9 emblem\u00e1tica dessa contradi\u00e7\u00e3o: &#8220;Quero que fa\u00e7am as coisas para a vida da gente, n\u00e3o para a COP-30. N\u00e3o adianta fazer coisas s\u00f3 para gringo ver. Depois eles v\u00e3o embora e o que fica pra gente?&#8221;.<\/p>\n\n\n\n<p class=\"has-text-align-justify\"><a href=\"https:\/\/agenciabrasil.ebc.com.br\/meio-ambiente\/noticia\/2025-04\/cop30-populacao-da-amazonia-espera-por-agua-potavel-e-saneamento\" class=\"ek-link\"><strong>A Ag\u00eancia Brasil informa<\/strong><\/a> que, embora a popula\u00e7\u00e3o amaz\u00f4nica em geral espere melhorias em saneamento b\u00e1sico como legado do evento, os investimentos anunciados, como a macrodrenagem de canais, concentram-se na \u00e1rea mais elitizada e central de Bel\u00e9m. As ilhas, que comp\u00f5em 65% do territ\u00f3rio da capital, incluindo o Combu, n\u00e3o foram contempladas diretamente por essas obras. A mat\u00e9ria reitera a depend\u00eancia dos moradores de sistemas como fossas s\u00e9pticas que n\u00e3o comportam a demanda ampliada pelo turismo, e a aus\u00eancia de um plano de manejo para a \u00c1rea de Prote\u00e7\u00e3o Ambiental da Ilha do Combu.<\/p>\n\n\n\n<p class=\"has-text-align-justify\">O cen\u00e1rio descrito configura um quadro cl\u00e1ssico de injusti\u00e7a socioambiental, onde a responsabilidade da degrada\u00e7\u00e3o e da falta de infraestrutura recaem de forma desproporcional sobre popula\u00e7\u00f5es vulnerabilizadas, enquanto a gratifica\u00e7\u00e3o do feito (investimentos, visibilidade) s\u00e3o direcionados para \u00e1reas e setores espec\u00edficos, muitas vezes ligados \u00e0 imagem que se deseja projetar para o exterior. Existe uma grande diverg\u00eancia entre os objetivos declarados e as a\u00e7\u00f5es efetivas, frequentemente capturadas por interesses pol\u00edticos e econ\u00f4micos que refor\u00e7am desigualdades.<\/p>\n\n\n\n<p class=\"has-text-align-justify\">A situa\u00e7\u00e3o questiona fundamentalmente o discurso de desenvolvimento sustent\u00e1vel associado \u00e0 COP 30. Como falar em sustentabilidade e solu\u00e7\u00f5es clim\u00e1ticas em um territ\u00f3rio onde o acesso \u00e0 \u00e1gua pot\u00e1vel e ao saneamento b\u00e1sico \u2013 elementos essenciais \u00e0 dignidade humana e \u00e0 sa\u00fade ambiental \u2013 \u00e9 negado \u00e0s pessoas? Ocorre uma instrumentaliza\u00e7\u00e3o da Amaz\u00f4nia e de suas popula\u00e7\u00f5es, transformadas em cen\u00e1rio para discuss\u00f5es globais enquanto suas demandas concretas s\u00e3o secundarizadas.<\/p>\n\n\n\n<p class=\"has-text-align-justify\">A falta de \u00e1gua e saneamento, revela um modelo de desenvolvimento insustent\u00e1vel em sua ess\u00eancia.&nbsp; Portanto, \u00e9 urgente a constru\u00e7\u00e3o de pol\u00edticas p\u00fablicas participativas que incluam efetivamente as comunidades ribeirinhas nos processos de tomada de decis\u00e3o. A elabora\u00e7\u00e3o de um plano de manejo que respeite os saberes locais e promova melhorias no transporte, sa\u00fade, educa\u00e7\u00e3o e infraestrutura \u00e9 essencial para garantir justi\u00e7a ambiental.<\/p>\n\n\n\n<p class=\"has-text-align-right\">Gabriela Eduarda Lima Marques de Souza \u00e9 soci\u00f3loga (UFPA)<\/p>\n","protected":false},"excerpt":{"rendered":"<p>A an\u00e1lise de not\u00edcias recentes sobre a Ilha do Combu, um dos cart\u00f5es-postais da regi\u00e3o e palco de eventos pr\u00e9-COP, revela uma disson\u00e2ncia preocupante entre a imagem de sustentabilidade projetada para o mundo e a realidade de abandono e injusti\u00e7a socioambiental vivida por suas popula\u00e7\u00f5es tradicionais. O discurso oficial de sustentabilidade, embora carregado de promessas [&hellip;]<\/p>\n","protected":false},"author":12,"featured_media":0,"comment_status":"open","ping_status":"open","sticky":false,"template":"","format":"standard","meta":{"_editorskit_title_hidden":false,"_editorskit_reading_time":0,"_editorskit_is_block_options_detached":false,"_editorskit_block_options_position":"{}","_uag_custom_page_level_css":"","site-sidebar-layout":"default","site-content-layout":"","ast-site-content-layout":"default","site-content-style":"default","site-sidebar-style":"default","ast-global-header-display":"","ast-banner-title-visibility":"","ast-main-header-display":"","ast-hfb-above-header-display":"","ast-hfb-below-header-display":"","ast-hfb-mobile-header-display":"","site-post-title":"","ast-breadcrumbs-content":"","ast-featured-img":"","footer-sml-layout":"","theme-transparent-header-meta":"","adv-header-id-meta":"","stick-header-meta":"","header-above-stick-meta":"","header-main-stick-meta":"","header-below-stick-meta":"","astra-migrate-meta-layouts":"set","ast-page-background-enabled":"default","ast-page-background-meta":{"desktop":{"background-color":"","background-image":"","background-repeat":"repeat","background-position":"center center","background-size":"auto","background-attachment":"scroll","background-type":"","background-media":"","overlay-type":"","overlay-color":"","overlay-opacity":"","overlay-gradient":""},"tablet":{"background-color":"","background-image":"","background-repeat":"repeat","background-position":"center center","background-size":"auto","background-attachment":"scroll","background-type":"","background-media":"","overlay-type":"","overlay-color":"","overlay-opacity":"","overlay-gradient":""},"mobile":{"background-color":"","background-image":"","background-repeat":"repeat","background-position":"center center","background-size":"auto","background-attachment":"scroll","background-type":"","background-media":"","overlay-type":"","overlay-color":"","overlay-opacity":"","overlay-gradient":""}},"ast-content-background-meta":{"desktop":{"background-color":"var(--ast-global-color-5)","background-image":"","background-repeat":"repeat","background-position":"center center","background-size":"auto","background-attachment":"scroll","background-type":"","background-media":"","overlay-type":"","overlay-color":"","overlay-opacity":"","overlay-gradient":""},"tablet":{"background-color":"var(--ast-global-color-5)","background-image":"","background-repeat":"repeat","background-position":"center center","background-size":"auto","background-attachment":"scroll","background-type":"","background-media":"","overlay-type":"","overlay-color":"","overlay-opacity":"","overlay-gradient":""},"mobile":{"background-color":"var(--ast-global-color-5)","background-image":"","background-repeat":"repeat","background-position":"center center","background-size":"auto","background-attachment":"scroll","background-type":"","background-media":"","overlay-type":"","overlay-color":"","overlay-opacity":"","overlay-gradient":""}},"footnotes":""},"categories":[132],"tags":[],"class_list":["post-3601","post","type-post","status-publish","format-standard","hentry","category-justica-ambiental"],"jetpack_featured_media_url":"","uagb_featured_image_src":{"full":false,"thumbnail":false,"medium":false,"medium_large":false,"large":false,"1536x1536":false,"2048x2048":false},"uagb_author_info":{"display_name":"Gabriela Souza","author_link":"https:\/\/ogpa.com.br\/index.php\/author\/gabriela-souza\/"},"uagb_comment_info":3,"uagb_excerpt":"A an\u00e1lise de not\u00edcias recentes sobre a Ilha do Combu, um dos cart\u00f5es-postais da regi\u00e3o e palco de eventos pr\u00e9-COP, revela uma disson\u00e2ncia preocupante entre a imagem de sustentabilidade projetada para o mundo e a realidade de abandono e injusti\u00e7a socioambiental vivida por suas popula\u00e7\u00f5es tradicionais. O discurso oficial de sustentabilidade, embora carregado de promessas&hellip;","jetpack-related-posts":[{"id":3454,"url":"https:\/\/ogpa.com.br\/index.php\/2025\/04\/11\/os-riscos-da-ascensao-do-acai-em-igarape-miri-aline-silva\/","url_meta":{"origin":3601,"position":0},"title":"Os riscos da ascens\u00e3o do a\u00e7a\u00ed em Igarap\u00e9 Miri &#8211; Aline Silva","author":"Aline Silva","date":"abril 11, 2025","format":false,"excerpt":"(Fonte: Springer Nature) A inclus\u00e3o do a\u00e7a\u00ed no rol das commodities transformou Igarap\u00e9-Miri em um significativo polo econ\u00f4mico , mas essa ascens\u00e3o n\u00e3o vem sem desafios. A monocultura intensiva, embora traga benef\u00edcios econ\u00f4micos, resulta em uma s\u00e9rie de problemas socioambientais que precisam ser abertamente abordados. A intensifica\u00e7\u00e3o da produ\u00e7\u00e3o de\u2026","rel":"","context":"Em &quot;Editorial Monocultura&quot;","block_context":{"text":"Editorial Monocultura","link":"https:\/\/ogpa.com.br\/index.php\/category\/grande-projeto-monocultura\/"},"img":{"alt_text":"","src":"https:\/\/i0.wp.com\/ogpa.com.br\/wp-content\/uploads\/2025\/04\/427558_2_En_12_Fig5_HTML.jpg?resize=350%2C200&ssl=1","width":350,"height":200,"srcset":"https:\/\/i0.wp.com\/ogpa.com.br\/wp-content\/uploads\/2025\/04\/427558_2_En_12_Fig5_HTML.jpg?resize=350%2C200&ssl=1 1x, https:\/\/i0.wp.com\/ogpa.com.br\/wp-content\/uploads\/2025\/04\/427558_2_En_12_Fig5_HTML.jpg?resize=525%2C300&ssl=1 1.5x"},"classes":[]},{"id":3008,"url":"https:\/\/ogpa.com.br\/index.php\/2024\/09\/23\/liberdade-para-quem-avenida-liberdade-capital-e-politica\/","url_meta":{"origin":3601,"position":1},"title":"Liberdade para quem? Avenida Liberdade, Capital e Pol\u00edtica","author":"ogpa","date":"setembro 23, 2024","format":false,"excerpt":"O que \u00e9 liberdade? Liberdade tem v\u00e1rios significados, pode ser entendida como desenvolvimento (Amartya Sen1), mas tamb\u00e9m em sentido amplo constitui o pr\u00f3prio ser social (Karl Marx2). Para este ensaio \u00e9 mais estrat\u00e9gico problematizar: para quem a liberdade \u00e9 prometida? Seja objetiva ou subjetivamente.\u00a0 A promessa de \u201campliar\u201d, \u201cabrir\u201d ou\u2026","rel":"","context":"Em &quot;Opini\u00e3o&quot;","block_context":{"text":"Opini\u00e3o","link":"https:\/\/ogpa.com.br\/index.php\/category\/opiniao\/"},"img":{"alt_text":"","src":"https:\/\/i0.wp.com\/ogpa.com.br\/wp-content\/uploads\/2024\/09\/39356e74-d298-4c8a-b891-894388d110d7-7.jpeg?resize=350%2C200&ssl=1","width":350,"height":200,"srcset":"https:\/\/i0.wp.com\/ogpa.com.br\/wp-content\/uploads\/2024\/09\/39356e74-d298-4c8a-b891-894388d110d7-7.jpeg?resize=350%2C200&ssl=1 1x, https:\/\/i0.wp.com\/ogpa.com.br\/wp-content\/uploads\/2024\/09\/39356e74-d298-4c8a-b891-894388d110d7-7.jpeg?resize=525%2C300&ssl=1 1.5x, https:\/\/i0.wp.com\/ogpa.com.br\/wp-content\/uploads\/2024\/09\/39356e74-d298-4c8a-b891-894388d110d7-7.jpeg?resize=700%2C400&ssl=1 2x"},"classes":[]},{"id":3588,"url":"https:\/\/ogpa.com.br\/index.php\/2025\/05\/23\/uma-decada-de-pesquisa-sobre-grandes-projetos-na-amazonia-avancos-obstaculos-e-perspectivas-andre-farias\/","url_meta":{"origin":3601,"position":2},"title":"Uma d\u00e9cada de pesquisa sobre Grandes Projetos na Amaz\u00f4nia: avan\u00e7os, obst\u00e1culos e perspectivas &#8211; Andr\u00e9 Farias","author":"andre farias","date":"maio 23, 2025","format":false,"excerpt":"Com a participa\u00e7\u00e3o de docentes e discentes, o Grupo de Pesquisa Grandes Projetos na Amaz\u00f4nia (GPA) tem mantido, desde sua cria\u00e7\u00e3o, contato permanente com diversos grupos e movimentos sociais para a constru\u00e7\u00e3o de uma agenda de pesquisa desafiadora. Na Amaz\u00f4nia, novos projetos se acumulam sobre projetos hist\u00f3ricos de degrada\u00e7\u00e3o ambiental.\u2026","rel":"","context":"Em &quot;Opini\u00e3o&quot;","block_context":{"text":"Opini\u00e3o","link":"https:\/\/ogpa.com.br\/index.php\/category\/opiniao\/"},"img":{"alt_text":"","src":"https:\/\/i0.wp.com\/ogpa.com.br\/wp-content\/uploads\/2025\/04\/111-removebg-preview.png?resize=350%2C200&ssl=1","width":350,"height":200},"classes":[]},{"id":822,"url":"https:\/\/ogpa.com.br\/index.php\/2023\/11\/10\/__trashed\/","url_meta":{"origin":3601,"position":3},"title":"LICENCIAMENTO AMBIENTAL DE GRANDES PROJETOS: AS FALHAS E A VIOLA\u00c7\u00c3O DE DIREITOS CONTINUAM","author":"ogpa","date":"novembro 10, 2023","format":false,"excerpt":"A presen\u00e7a da Termog\u00e1s na regi\u00e3o atenderia interesses comerciais e de imagem da Hydro\/Alunorte, que pretende substituir o \u00f3leo diesel e o coque de petr\u00f3leo no processo de produ\u00e7\u00e3o do alum\u00ednio por g\u00e1s l\u00edquido natural. Com vistas \u00e0 COP-30, tamb\u00e9m o governo do Par\u00e1 adota discurso de est\u00edmulo a uma\u2026","rel":"","context":"Em &quot;Grande Projeto Industrial&quot;","block_context":{"text":"Grande Projeto Industrial","link":"https:\/\/ogpa.com.br\/index.php\/category\/grande-projeto-industrial\/"},"img":{"alt_text":"","src":"https:\/\/i0.wp.com\/ogpa.com.br\/wp-content\/uploads\/2024\/05\/Captura-de-tela-2024-05-14-141216.png?resize=350%2C200&ssl=1","width":350,"height":200,"srcset":"https:\/\/i0.wp.com\/ogpa.com.br\/wp-content\/uploads\/2024\/05\/Captura-de-tela-2024-05-14-141216.png?resize=350%2C200&ssl=1 1x, https:\/\/i0.wp.com\/ogpa.com.br\/wp-content\/uploads\/2024\/05\/Captura-de-tela-2024-05-14-141216.png?resize=525%2C300&ssl=1 1.5x, https:\/\/i0.wp.com\/ogpa.com.br\/wp-content\/uploads\/2024\/05\/Captura-de-tela-2024-05-14-141216.png?resize=700%2C400&ssl=1 2x"},"classes":[]},{"id":3905,"url":"https:\/\/ogpa.com.br\/index.php\/2026\/02\/06\/ponte-outeiro-mosqueiro-porque-a-transparencia-importa-tanto-quanto-a-obra-evandro-ladislau\/","url_meta":{"origin":3601,"position":4},"title":"Ponte Outeiro-Mosqueiro. Porque a transpar\u00eancia importa tanto quanto a obra? &#8211; Evandro Ladislau","author":"Evandro Ladislau","date":"fevereiro 6, 2026","format":false,"excerpt":"Ponte de Mosqueiro sobre o furo das Marinhas. Fonte: Instagram Voando Sobre Tudo H\u00e1 dezesseis anos acompanho as discuss\u00f5es sobre a constru\u00e7\u00e3o de uma ponte na regi\u00e3o metropolitana de Bel\u00e9m, ligando os distritos de Outeiro a Mosqueiro. O projeto aparece e desaparece do debate p\u00fablico. Ora surge como promessa em\u2026","rel":"","context":"Em &quot;Opini\u00e3o&quot;","block_context":{"text":"Opini\u00e3o","link":"https:\/\/ogpa.com.br\/index.php\/category\/opiniao\/"},"img":{"alt_text":"","src":"https:\/\/i0.wp.com\/ogpa.com.br\/wp-content\/uploads\/2026\/02\/image.png?resize=350%2C200&ssl=1","width":350,"height":200,"srcset":"https:\/\/i0.wp.com\/ogpa.com.br\/wp-content\/uploads\/2026\/02\/image.png?resize=350%2C200&ssl=1 1x, https:\/\/i0.wp.com\/ogpa.com.br\/wp-content\/uploads\/2026\/02\/image.png?resize=525%2C300&ssl=1 1.5x, https:\/\/i0.wp.com\/ogpa.com.br\/wp-content\/uploads\/2026\/02\/image.png?resize=700%2C400&ssl=1 2x"},"classes":[]}],"_links":{"self":[{"href":"https:\/\/ogpa.com.br\/index.php\/wp-json\/wp\/v2\/posts\/3601","targetHints":{"allow":["GET"]}}],"collection":[{"href":"https:\/\/ogpa.com.br\/index.php\/wp-json\/wp\/v2\/posts"}],"about":[{"href":"https:\/\/ogpa.com.br\/index.php\/wp-json\/wp\/v2\/types\/post"}],"author":[{"embeddable":true,"href":"https:\/\/ogpa.com.br\/index.php\/wp-json\/wp\/v2\/users\/12"}],"replies":[{"embeddable":true,"href":"https:\/\/ogpa.com.br\/index.php\/wp-json\/wp\/v2\/comments?post=3601"}],"version-history":[{"count":4,"href":"https:\/\/ogpa.com.br\/index.php\/wp-json\/wp\/v2\/posts\/3601\/revisions"}],"predecessor-version":[{"id":3610,"href":"https:\/\/ogpa.com.br\/index.php\/wp-json\/wp\/v2\/posts\/3601\/revisions\/3610"}],"wp:attachment":[{"href":"https:\/\/ogpa.com.br\/index.php\/wp-json\/wp\/v2\/media?parent=3601"}],"wp:term":[{"taxonomy":"category","embeddable":true,"href":"https:\/\/ogpa.com.br\/index.php\/wp-json\/wp\/v2\/categories?post=3601"},{"taxonomy":"post_tag","embeddable":true,"href":"https:\/\/ogpa.com.br\/index.php\/wp-json\/wp\/v2\/tags?post=3601"}],"curies":[{"name":"wp","href":"https:\/\/api.w.org\/{rel}","templated":true}]}}